{"id":718,"date":"2020-07-28T19:51:21","date_gmt":"2020-07-28T19:51:21","guid":{"rendered":"https:\/\/morenoprimero.com.ar\/?p=718"},"modified":"2022-09-26T15:10:42","modified_gmt":"2022-09-26T18:10:42","slug":"claudia-asseff-algunos-periodistas-agravian-la-historia-de-moreno-y-sus-protagonistas","status":"publish","type":"post","link":"https:\/\/morenoprimero.com.ar\/archivo\/claudia-asseff-algunos-periodistas-agravian-la-historia-de-moreno-y-sus-protagonistas\/","title":{"rendered":"CLAUDIA ASSEFF: \u00abALGUNOS PERIODISTAS AGRAVIAN LA HISTORIA DE MORENO Y SUS PROTAGONISTAS\u00bb"},"content":{"rendered":"\n<p> <strong>La 7\u00aa sesi\u00f3n del Honorable Concejo Deliberante se celebr\u00f3 esta semana donde se aprobaron los 15 expedientes. Desde Moreno Primero conversamos con Claudia Asseff quien nos dio su opini\u00f3n sobre algunos de los temas tratados.<\/strong><\/p>\n\n\n\n<p>MP:&nbsp; Desde el Concejo Deliberante se aprobaron dos leasing para poder comprar camiones \u00bfEst\u00e1s de acuerdo con la medida?&nbsp;&nbsp;&nbsp;<\/p>\n\n\n\n<p>CA:&nbsp; Eso lo vot\u00f3 el oficialismo, el bloque de Juntos por el Cambio se opuso a la votaci\u00f3n del leasing, como nos hab\u00edamos&nbsp;opuesto la primera vez cuando se ped\u00edan 200 millones. <strong>Ese leasing es para la compra de algunos camiones que har\u00edan falta para poder llevar adelante la recolecci\u00f3n. Pero, desde el bloque de Juntos por el Cambio consideramos que no es suficiente.&nbsp;&nbsp;<\/strong><\/p>\n\n\n\n<p>MP: \u00bfHay propuestas del bloque Juntos por el Cambio para resolver ese tema?&nbsp;<\/p>\n\n\n\n<p>CA:&nbsp; Si hemos lo hemos propuesto antes, nosotros venimos hablando hace mucho, porque nos preocupaba much\u00edsimo. Porque no solamente pasa por los camiones, tambi\u00e9n pasa por el proyecto GIRSU que estaba presentado y que despu\u00e9s se modific\u00f3 y que es la comercializaci\u00f3n del residuo. Ahora, sabemos muy bien por Ley que el residuo no se puede comercializar o separar de origen, y no tenemos las condiciones en Moreno como para poder hacerlo. Todas esas son las dudas y consultas que venimos realizando. Por ejemplo, en qu\u00e9 planta van a realizar el procedimiento. Hay una planta, que es \u00abAyel\u00e9n\u00bb en Cuartel V (que todos sabemos de quien es) es de la Intendenta Municipal que durante el Gobierno de Mauricio Macri fue ayudada con much\u00edsimo dinero, a trav\u00e9s de la oficina de Desarrollo Social de la Ministra Carolina Stanley -me pregunto- \u00bfEsa va a ser la cooperativa que lleve adelante el reciclado? No est\u00e1 claro.&nbsp;<\/p>\n\n\n\n<p>&nbsp; Una vez que se junta la basura,&nbsp;Tr\u00e9bol&nbsp;ten\u00eda una planta donde compactaban la basura y luego con otros camiones se tiraba en el SEAMSE. Toda esa segunda etapa es la que todav\u00eda no sabemos con&nbsp;claridad y&nbsp;no nos han expresado. <strong>Entonces la propuesta en primer t\u00e9rmino es que moreno est\u00e9 limpio, y en segundo t\u00e9rmino que clarifiquen qui\u00e9n lo va a hacer. <\/strong>Todav\u00eda nos preguntamos \u00bfLo va a hacer la cooperativa fundada por el Movimiento Evita, con&nbsp;Grabois&nbsp;y la Intendenta, o se va a llamar a una licitaci\u00f3n y va a haber una apertura a otras personas o a otras empresas o a otras cooperativas?&nbsp;<\/p>\n\n\n\n<p>MP:&nbsp;Sobre el izamiento de la Wiphala caracterizaste el hecho de anti ley o anti nacionalismo por lo cual llamaste a la Presidenta del Consejo para que la retiren.&nbsp;<\/p>\n\n\n\n<p>&nbsp;CA: Yo no dije antinacionalismo.<strong> Lo que exprese fue que no vuelva a ocurrir por respeto a la&nbsp;insignia&nbsp;patria y que eso fue por desconocimiento de protocolo<\/strong>. Pero a la vez, la bandera&nbsp;Whipala&nbsp;es la que representa a todo el sector andino y Evo Morales hizo una manifestaci\u00f3n a favor de la independencia Argentina.&nbsp; Eso fue lo que yo cont\u00e9, y no debe volver a suceder porque la bandera Argentina, nuestra bandera, no debe ser usada con ninguna otra.&nbsp;<strong> Y propuse que, si ameritaba que se construya&nbsp;otro m\u00e1stil, y de esa manera, si se quer\u00eda, se pod\u00eda hacer expresi\u00f3n con otras banderas.&nbsp;<\/strong><\/p>\n\n\n\n<p>&nbsp;Pero tambi\u00e9n mocion\u00e9 por algo muy importante, que fue el repudio cuando del poder se quieren acallar a alg\u00fan periodista. Pero, tambi\u00e9n cuando desde <strong>alguno que dice ser periodista (como en mi caso)&nbsp;est\u00e1&nbsp;agraviando no s\u00f3lo a la historia de Moreno sino tambi\u00e9n a sus protagonistas como ha sido el ex intendente (mi padre) el Doctor&nbsp;Asseff, porque tambi\u00e9n esa persona estaba agraviando a dos concejalas del oficialismo. <\/strong>Entonces mocion\u00e9 concretamente porque el Hospital Mariano y Luciano de la Vega se fund\u00f3 y se trajo gracias a Julio&nbsp;Asseff&nbsp;y no a West. Entonces, me gustar\u00eda que se termine con la mentira y con el robo de las gestiones del Doctor Asseff, nuestro padre, nuestro dirigente pol\u00edtico, y quien le dio el 90% de todo lo que tiene Moreno. En menos de 8 a\u00f1os dej\u00f3 lo que ning\u00fan intendente hizo en 20 a\u00f1os.&nbsp;<\/p>\n\n\n\n<p>MP: \u00bfHiciste una denuncia al respecto?&nbsp;<\/p>\n\n\n\n<p>&nbsp;CA: Todav\u00eda no la present\u00e9, coment\u00e9 que la<strong>s expresiones configuran delitos&nbsp;por calumnias e&nbsp;injurias, <\/strong>y&nbsp;, a su vez, el no haber hablado de la destrucci\u00f3n del Hospital Viejo. Ya que tanto sabe del patrimonio arquitect\u00f3nico cultural de Moreno porque <strong>no habla del enriquecimiento&nbsp;il\u00edcito&nbsp;por haberse llevado todo lo que hab\u00eda ah\u00ed.<\/strong> <strong>Esa persona tendr\u00eda que haber denunciado porque son los delitos de cuello blanco<\/strong>.&nbsp;&nbsp;<\/p>\n\n\n\n<p>MP: D\u00e9jame retomar el tema de la&nbsp;Whipala.&nbsp;<\/p>\n\n\n\n<p>CA: <strong>Yo no estoy en contra de los pueblos originarios, pero creo que ac\u00e1 no saben mucho de la historia.<\/strong>&nbsp; Yo quiero que hablemos de nuestros pueblos originarios, que es lo que ah\u00ed no explican. Nosotros tenemos que hacer valer los pueblos originarios, pero de nuestro pa\u00eds, de Argentina. Ac\u00e1 se engloba sin explicar a la poblaci\u00f3n. <strong>Yo quiero hablar de la independencia de mi pa\u00eds. Pero no hagamos una conjunci\u00f3n,&nbsp;chup\u00e1ndole&nbsp;las medias a las&nbsp;comunidades con&nbsp;la bandera. Yo quiero hacer valer a los argentinos que descienden de tantas razas, como tambi\u00e9n las del sector andino.&nbsp;<\/strong><\/p>\n\n\n\n<p>MP: \u00bfQu\u00e9 opini\u00f3n te merece el nuevo Hospital de Moreno?&nbsp;<\/p>\n\n\n\n<p>CA: El gobernador Kicillof minti\u00f3 o le dijeron algo que est\u00e1 mal, igual que Mariel Fern\u00e1ndez, que despu\u00e9s de 100 a\u00f1os se inaugur\u00f3 nuevo Hospital. Lo que hicieron en el UPA fue poner m\u00e1s camas y poner m\u00e1s m\u00f3dulos. Es no es un nuevo hospital, es una ampliaci\u00f3n de un lugar que est\u00e1 bien porque va a tributar econ\u00f3micamente las camas para ingresar m\u00e1s plata en nuestro presupuesto. Pero <strong>ac\u00e1 el tema concreto es que el \u00fanico Hospital que se inaugur\u00f3 es el que dej\u00f3 Julio&nbsp;Aseff&nbsp;en diciembre del a\u00f1o 1995.&nbsp;<\/strong><\/p>\n","protected":false},"excerpt":{"rendered":"<p>La 7\u00aa sesi\u00f3n del Honorable Concejo Deliberante se celebr\u00f3 esta semana donde se aprobaron los 15 expedientes. Desde Moreno Primero conversamos con Claudia Asseff quien nos dio su opini\u00f3n sobre algunos de los temas tratados. MP:&nbsp; Desde el Concejo Deliberante &hellip; <a href=\"https:\/\/morenoprimero.com.ar\/archivo\/claudia-asseff-algunos-periodistas-agravian-la-historia-de-moreno-y-sus-protagonistas\/\">Sigue leyendo <span class=\"meta-nav\">&rarr;<\/span><\/a><\/p>\n","protected":false},"author":6,"featured_media":719,"comment_status":"closed","ping_status":"closed","sticky":false,"template":"","format":"standard","meta":{"footnotes":""},"categories":[27],"tags":[297,120,102],"class_list":["post-718","post","type-post","status-publish","format-standard","has-post-thumbnail","hentry","category-politica","tag-claudia-aseff","tag-hcd-moreno","tag-municipio-de-moreno"],"_links":{"self":[{"href":"https:\/\/morenoprimero.com.ar\/archivo\/wp-json\/wp\/v2\/posts\/718","targetHints":{"allow":["GET"]}}],"collection":[{"href":"https:\/\/morenoprimero.com.ar\/archivo\/wp-json\/wp\/v2\/posts"}],"about":[{"href":"https:\/\/morenoprimero.com.ar\/archivo\/wp-json\/wp\/v2\/types\/post"}],"author":[{"embeddable":true,"href":"https:\/\/morenoprimero.com.ar\/archivo\/wp-json\/wp\/v2\/users\/6"}],"replies":[{"embeddable":true,"href":"https:\/\/morenoprimero.com.ar\/archivo\/wp-json\/wp\/v2\/comments?post=718"}],"version-history":[{"count":6,"href":"https:\/\/morenoprimero.com.ar\/archivo\/wp-json\/wp\/v2\/posts\/718\/revisions"}],"predecessor-version":[{"id":32606,"href":"https:\/\/morenoprimero.com.ar\/archivo\/wp-json\/wp\/v2\/posts\/718\/revisions\/32606"}],"wp:featuredmedia":[{"embeddable":true,"href":"https:\/\/morenoprimero.com.ar\/archivo\/wp-json\/wp\/v2\/media\/719"}],"wp:attachment":[{"href":"https:\/\/morenoprimero.com.ar\/archivo\/wp-json\/wp\/v2\/media?parent=718"}],"wp:term":[{"taxonomy":"category","embeddable":true,"href":"https:\/\/morenoprimero.com.ar\/archivo\/wp-json\/wp\/v2\/categories?post=718"},{"taxonomy":"post_tag","embeddable":true,"href":"https:\/\/morenoprimero.com.ar\/archivo\/wp-json\/wp\/v2\/tags?post=718"}],"curies":[{"name":"wp","href":"https:\/\/api.w.org\/{rel}","templated":true}]}}