{"id":7071,"date":"2020-12-28T15:10:34","date_gmt":"2020-12-28T15:10:34","guid":{"rendered":"https:\/\/morenoprimero.com.ar\/?p=7071"},"modified":"2020-12-28T15:10:35","modified_gmt":"2020-12-28T15:10:35","slug":"mas-de-600-000-personas-disfrutaron-el-fin-de-semana-largo-en-todo-el-pais","status":"publish","type":"post","link":"https:\/\/morenoprimero.com.ar\/archivo\/mas-de-600-000-personas-disfrutaron-el-fin-de-semana-largo-en-todo-el-pais\/","title":{"rendered":"M\u00c1S DE 600.000 PERSONAS DISFRUTARON EL FIN DE SEMANA LARGO EN TODO EL PA\u00cdS"},"content":{"rendered":"\n<h4 class=\"wp-block-heading\">Seg\u00fan estad\u00edsticas oficiales, destinos bonaerenses como el Partido de la Costa, Mar del Plata, Villa Gesell, Pinamar, Monte Hermoso y Miramar fueron los que tuvieron mayor caudal tur\u00edstico.<\/h4>\n\n\n\n<p><strong>M\u00e1s de 600.000 personas completaron el certificado \u201cVerano\u201d y disfrutaron el fin de semana largo de Navidad en todo el pa\u00eds,<\/strong> donde volvi\u00f3 a destacarse \u00abel cumplimiento de los protocolos con recomendaciones sanitarias en playas, balnearios, alojamientos y establecimientos gastron\u00f3micos, entre otros\u00bb, se inform\u00f3 oficialmente.&nbsp;<br>&nbsp;<br><strong>\u00abLuego de este a\u00f1o in\u00e9dito, es una muy buena noticia para el sector que tengamos otro fin de semana largo con porcentajes de ocupaci\u00f3n positivos y un alto cumplimiento de las recomendaciones sanitarias en los principales destinos del pa\u00eds. Somos&nbsp;optimistas&nbsp;pero no debemos relajarnos<\/strong>. Por eso implementamos una campa\u00f1a masiva de comunicaci\u00f3n, para que nos sigamos cuidando\u201d, asegur\u00f3 en un comunicado el ministro de Turismo y Deportes de la Naci\u00f3n, Mat\u00edas&nbsp;Lammens.&nbsp;<\/p>\n\n\n\n<blockquote class=\"wp-block-quote is-layout-flow wp-block-quote-is-layout-flow\"><p>\u00abEs una muy buena noticia para el sector que tengamos otro fin de semana largo con porcentajes de ocupaci\u00f3n positivos\u00bb,<\/p><cite>Ministro de Turismo y Deportes de la Naci\u00f3n, Mat\u00edas Lammens.<\/cite><\/blockquote>\n\n\n\n<p><br>&nbsp;<br>Tambi\u00e9n hubo un intenso movimiento en las provincias de C\u00f3rdoba (turismo interno, propietarios y cordobeses no residentes), Entre R\u00edos, Neuqu\u00e9n, R\u00edo Negro, Santa Fe, Mendoza y Salta.&nbsp;&nbsp;&nbsp;<\/p>\n\n\n\n<p>Por otra parte, el sector privado inform\u00f3 que ciudades como Pinamar, Villa Gesell, San Bernardo, Bariloche, Cafayate, Gualeguaych\u00fa y San Mart\u00edn de los Andes tuvieron altos niveles de ocupaci\u00f3n en hoteles, caba\u00f1as y casas particulares.&nbsp;<br>&nbsp;<br><strong>\u00abCon la decisi\u00f3n pol\u00edtica de tener temporada de verano, se conform\u00f3 el Consejo Interministerial para la apertura progresiva y responsable del turismo, que defini\u00f3 la puesta en marcha de Centros Modulares Sanitarios, el despliegue del plan&nbsp;DetectAr&nbsp;y la presencia de promotores tur\u00edsticos en los centros tur\u00edsticos, entre otras medidas\u00bb<\/strong>, agreg\u00f3 el comunicado.&nbsp;<br>&nbsp;<br>\u00abEn el mismo sentido, se llev\u00f3 adelante, junto con la Secretar\u00eda de Innovaci\u00f3n P\u00fablica, la plataforma virtual argentina.gob.ar\/verano, donde se puede acceder a los requisitos para ingresar a todas las provincias y completar el certificado &#8216;Verano&#8217;, un registro para que los destinos est\u00e9n mejor preparados para recibir turistas\u00bb, concluy\u00f3.&nbsp;<\/p>\n\n\n\n<p><strong>INFO: T\u00c9LAM<\/strong><\/p>\n","protected":false},"excerpt":{"rendered":"<p>Seg\u00fan estad\u00edsticas oficiales, destinos bonaerenses como el Partido de la Costa, Mar del Plata, Villa Gesell, Pinamar, Monte Hermoso y Miramar fueron los que tuvieron mayor caudal tur\u00edstico. M\u00e1s de 600.000 personas completaron el certificado \u201cVerano\u201d y disfrutaron el fin &hellip; <a href=\"https:\/\/morenoprimero.com.ar\/archivo\/mas-de-600-000-personas-disfrutaron-el-fin-de-semana-largo-en-todo-el-pais\/\">Sigue leyendo <span class=\"meta-nav\">&rarr;<\/span><\/a><\/p>\n","protected":false},"author":6,"featured_media":7073,"comment_status":"open","ping_status":"open","sticky":false,"template":"","format":"standard","meta":{"footnotes":""},"categories":[926,21,20],"tags":[1397,1232],"class_list":["post-7071","post","type-post","status-publish","format-standard","has-post-thumbnail","hentry","category-economia","category-interes-general","category-sociedad","tag-fin-de-semana-largo","tag-vacaciones"],"_links":{"self":[{"href":"https:\/\/morenoprimero.com.ar\/archivo\/wp-json\/wp\/v2\/posts\/7071","targetHints":{"allow":["GET"]}}],"collection":[{"href":"https:\/\/morenoprimero.com.ar\/archivo\/wp-json\/wp\/v2\/posts"}],"about":[{"href":"https:\/\/morenoprimero.com.ar\/archivo\/wp-json\/wp\/v2\/types\/post"}],"author":[{"embeddable":true,"href":"https:\/\/morenoprimero.com.ar\/archivo\/wp-json\/wp\/v2\/users\/6"}],"replies":[{"embeddable":true,"href":"https:\/\/morenoprimero.com.ar\/archivo\/wp-json\/wp\/v2\/comments?post=7071"}],"version-history":[{"count":4,"href":"https:\/\/morenoprimero.com.ar\/archivo\/wp-json\/wp\/v2\/posts\/7071\/revisions"}],"predecessor-version":[{"id":7093,"href":"https:\/\/morenoprimero.com.ar\/archivo\/wp-json\/wp\/v2\/posts\/7071\/revisions\/7093"}],"wp:featuredmedia":[{"embeddable":true,"href":"https:\/\/morenoprimero.com.ar\/archivo\/wp-json\/wp\/v2\/media\/7073"}],"wp:attachment":[{"href":"https:\/\/morenoprimero.com.ar\/archivo\/wp-json\/wp\/v2\/media?parent=7071"}],"wp:term":[{"taxonomy":"category","embeddable":true,"href":"https:\/\/morenoprimero.com.ar\/archivo\/wp-json\/wp\/v2\/categories?post=7071"},{"taxonomy":"post_tag","embeddable":true,"href":"https:\/\/morenoprimero.com.ar\/archivo\/wp-json\/wp\/v2\/tags?post=7071"}],"curies":[{"name":"wp","href":"https:\/\/api.w.org\/{rel}","templated":true}]}}