{"id":6983,"date":"2020-12-23T12:03:17","date_gmt":"2020-12-23T12:03:17","guid":{"rendered":"https:\/\/morenoprimero.com.ar\/?p=6983"},"modified":"2020-12-23T12:03:17","modified_gmt":"2020-12-23T12:03:17","slug":"la-anses-firmo-un-convenio-con-el-club-atletico-river-plate","status":"publish","type":"post","link":"https:\/\/morenoprimero.com.ar\/archivo\/la-anses-firmo-un-convenio-con-el-club-atletico-river-plate\/","title":{"rendered":"LA ANSES FIRM\u00d3 UN CONVENIO CON EL CLUB ATL\u00c9TICO RIVER PLATE"},"content":{"rendered":"\n<h4 class=\"wp-block-heading\">La directora ejecutiva de la ANSES, Fernanda Raverta, firm\u00f3 un convenio con el presidente del Club Atl\u00e9tico River Plate, Rodolfo D<strong>&#8216;<\/strong>Onofrio. Los trabajadores del Club quedan incorporados al programa ANSES va a tu trabajo.<\/h4>\n\n\n\n<p>Con el objetivo de acompa\u00f1ar a los trabajadores y las trabajadoras del Club Atl\u00e9tico River Plate (CARP) y facilitar la realizaci\u00f3n de diversos tr\u00e1mites, la directora ejecutiva de la ANSES,&nbsp;<strong>Fernanda Raverta<\/strong>, firm\u00f3 un convenio con el presidente del Club,&nbsp;<strong>Rodolfo D&#8217;Onofrio<\/strong>, para incorporarlos al programa&nbsp;<em>ANSES va a tu trabajo<\/em>.<\/p>\n\n\n\n<p>El presidente de River dijo que \u201c<em><strong>lo m\u00e1s importante es lograr que los trabajadores del club tengan acceso a todo lo que sea la ANSES, pero en forma directa. Sin tener que hacer mayores tramites ni necesitar intermediarios.<\/strong> Tuvimos una reuni\u00f3n muy interesante que no solo abarca lo que hoy hemos firmado, sino adem\u00e1s las cosas que podemos hacer juntos\u201d.<\/em><\/p>\n\n\n\n<p>Por su parte,&nbsp;<strong>Raverta<\/strong>&nbsp;expres\u00f3: \u201c<em>Acabamos de terminar una reuni\u00f3n de trabajo firmando convenios para<strong> pensar y colaborar la relaci\u00f3n que vamos a tener con River, as\u00ed como con todos los clubes que estamos visitando.<\/strong> La idea es construir una gesti\u00f3n de cara a los intereses de los argentinos y las argentinas.<strong> Fuimos muy bien recibidos por el presidente.<\/strong> Sabemos que hay muchos argentinos y argentinas que sienten y se emocionan con estos colores\u201d.<\/em><\/p>\n\n\n\n<figure class=\"wp-block-image size-large\"><img loading=\"lazy\" decoding=\"async\" width=\"726\" height=\"484\" src=\"https:\/\/morenoprimero.com.ar\/wp-content\/uploads\/2020\/12\/RavertaDonofrio.jpg\" alt=\"\" class=\"wp-image-6985\" srcset=\"https:\/\/morenoprimero.com.ar\/archivo\/wp-content\/uploads\/2020\/12\/RavertaDonofrio.jpg 726w, https:\/\/morenoprimero.com.ar\/archivo\/wp-content\/uploads\/2020\/12\/RavertaDonofrio-300x200.jpg 300w\" sizes=\"auto, (max-width: 726px) 100vw, 726px\" \/><\/figure>\n\n\n\n<p>De la reuni\u00f3n tambi\u00e9n participaron el vicepresidente de River,&nbsp;<strong>Stefano Di Carlo,&nbsp;<\/strong>y el director General de Prestaciones Centralizadas de la ANSES,&nbsp;<strong>Juan Manuel Tignanelli<\/strong>.<\/p>\n\n\n\n<p><strong>El programa&nbsp;<em>ANSES va a tu trabajo<\/em>&nbsp;es de atenci\u00f3n personalizada a empresas, sindicatos y organismos p\u00fablicos permite a las personas que all\u00ed se desempe\u00f1an realizar diferentes tr\u00e1mites de la ANSES en su espacio laboral.<\/strong> Acelerando, de esta manera, los tiempos de resoluci\u00f3n, sin tener la necesidad de trasladarse a una delegaci\u00f3n del organismo.<\/p>\n\n\n\n<p>Las personas que trabajan en relaci\u00f3n de dependencia, podr\u00e1n acceder m\u00e1s f\u00e1cil y r\u00e1pido a sus jubilaciones, pensiones, reconocimiento de servicios y contar con asesoramiento previsional totalmente gratuito. Para m\u00e1s informaci\u00f3n, los interesados pueden ingresar a&nbsp;<a href=\"http:\/\/www.anses.gob.ar\/avatt\" target=\"_blank\" rel=\"noreferrer noopener\">www.anses.gob.ar\/avatt<\/a>.<\/p>\n","protected":false},"excerpt":{"rendered":"<p>La directora ejecutiva de la ANSES, Fernanda Raverta, firm\u00f3 un convenio con el presidente del Club Atl\u00e9tico River Plate, Rodolfo D&#8216;Onofrio. Los trabajadores del Club quedan incorporados al programa ANSES va a tu trabajo. Con el objetivo de acompa\u00f1ar a &hellip; <a href=\"https:\/\/morenoprimero.com.ar\/archivo\/la-anses-firmo-un-convenio-con-el-club-atletico-river-plate\/\">Sigue leyendo <span class=\"meta-nav\">&rarr;<\/span><\/a><\/p>\n","protected":false},"author":6,"featured_media":6984,"comment_status":"open","ping_status":"open","sticky":false,"template":"","format":"standard","meta":{"footnotes":""},"categories":[673,21,20],"tags":[36,958,474,81],"class_list":["post-6983","post","type-post","status-publish","format-standard","has-post-thumbnail","hentry","category-deporte","category-interes-general","category-sociedad","tag-anses","tag-fernanda-raverta","tag-river-plate","tag-tramites-anses"],"_links":{"self":[{"href":"https:\/\/morenoprimero.com.ar\/archivo\/wp-json\/wp\/v2\/posts\/6983","targetHints":{"allow":["GET"]}}],"collection":[{"href":"https:\/\/morenoprimero.com.ar\/archivo\/wp-json\/wp\/v2\/posts"}],"about":[{"href":"https:\/\/morenoprimero.com.ar\/archivo\/wp-json\/wp\/v2\/types\/post"}],"author":[{"embeddable":true,"href":"https:\/\/morenoprimero.com.ar\/archivo\/wp-json\/wp\/v2\/users\/6"}],"replies":[{"embeddable":true,"href":"https:\/\/morenoprimero.com.ar\/archivo\/wp-json\/wp\/v2\/comments?post=6983"}],"version-history":[{"count":2,"href":"https:\/\/morenoprimero.com.ar\/archivo\/wp-json\/wp\/v2\/posts\/6983\/revisions"}],"predecessor-version":[{"id":6989,"href":"https:\/\/morenoprimero.com.ar\/archivo\/wp-json\/wp\/v2\/posts\/6983\/revisions\/6989"}],"wp:featuredmedia":[{"embeddable":true,"href":"https:\/\/morenoprimero.com.ar\/archivo\/wp-json\/wp\/v2\/media\/6984"}],"wp:attachment":[{"href":"https:\/\/morenoprimero.com.ar\/archivo\/wp-json\/wp\/v2\/media?parent=6983"}],"wp:term":[{"taxonomy":"category","embeddable":true,"href":"https:\/\/morenoprimero.com.ar\/archivo\/wp-json\/wp\/v2\/categories?post=6983"},{"taxonomy":"post_tag","embeddable":true,"href":"https:\/\/morenoprimero.com.ar\/archivo\/wp-json\/wp\/v2\/tags?post=6983"}],"curies":[{"name":"wp","href":"https:\/\/api.w.org\/{rel}","templated":true}]}}