{"id":6977,"date":"2020-12-23T12:02:30","date_gmt":"2020-12-23T12:02:30","guid":{"rendered":"https:\/\/morenoprimero.com.ar\/?p=6977"},"modified":"2020-12-23T12:02:30","modified_gmt":"2020-12-23T12:02:30","slug":"moreno-57-nuevos-casos-confirmados","status":"publish","type":"post","link":"https:\/\/morenoprimero.com.ar\/archivo\/moreno-57-nuevos-casos-confirmados\/","title":{"rendered":"MORENO: 57 NUEVOS CASOS CONFIRMADOS"},"content":{"rendered":"\n<h4 class=\"wp-block-heading\">Los casos recuperados contin\u00faan con mayores \u00edndices que los casos confirmados. De a poco, la cifra de defunciones contin\u00faa aumentando.<\/h4>\n\n\n\n<p>Al d\u00eda 22 de diciembre<strong>,<\/strong>&nbsp;en el Municipio de Moreno, hay<strong>&nbsp;57<\/strong>&nbsp;nuevos casos confirmados,<strong>&nbsp;77<\/strong>&nbsp;casos recuperados, y 4 defunciones.&nbsp;En total suman<strong>&nbsp;21359<\/strong>&nbsp;casos confirmados,&nbsp;<strong>2516<\/strong>&nbsp;casos sospechosos y<strong>&nbsp;29007&nbsp;<\/strong>casos descartados.&nbsp;&nbsp;&nbsp;&nbsp;<\/p>\n\n\n\n<p><strong>&nbsp; &nbsp;<\/strong>El total de defunciones al d\u00eda de la fecha es de&nbsp;<strong>624<\/strong>&nbsp;personas. En la Provincia de Buenos aires las defunciones alcanzan la cifra de&nbsp;<strong>21833<\/strong>, mientras que el total a nivel nacional es de&nbsp;<strong>42090.<\/strong>&nbsp;<\/p>\n\n\n\n<figure class=\"wp-block-image size-large\"><img loading=\"lazy\" decoding=\"async\" width=\"747\" height=\"170\" src=\"https:\/\/morenoprimero.com.ar\/wp-content\/uploads\/2020\/12\/covid-1.jpg\" alt=\"\" class=\"wp-image-6978\" srcset=\"https:\/\/morenoprimero.com.ar\/archivo\/wp-content\/uploads\/2020\/12\/covid-1.jpg 747w, https:\/\/morenoprimero.com.ar\/archivo\/wp-content\/uploads\/2020\/12\/covid-1-300x68.jpg 300w\" sizes=\"auto, (max-width: 747px) 100vw, 747px\" \/><\/figure>\n","protected":false},"excerpt":{"rendered":"<p>Los casos recuperados contin\u00faan con mayores \u00edndices que los casos confirmados. De a poco, la cifra de defunciones contin\u00faa aumentando. Al d\u00eda 22 de diciembre,&nbsp;en el Municipio de Moreno, hay&nbsp;57&nbsp;nuevos casos confirmados,&nbsp;77&nbsp;casos recuperados, y 4 defunciones.&nbsp;En total suman&nbsp;21359&nbsp;casos confirmados,&nbsp;2516&nbsp;casos sospechosos &hellip; <a href=\"https:\/\/morenoprimero.com.ar\/archivo\/moreno-57-nuevos-casos-confirmados\/\">Sigue leyendo <span class=\"meta-nav\">&rarr;<\/span><\/a><\/p>\n","protected":false},"author":6,"featured_media":3834,"comment_status":"open","ping_status":"open","sticky":false,"template":"","format":"standard","meta":{"footnotes":""},"categories":[536,20],"tags":[26,702,94,6,568],"class_list":["post-6977","post","type-post","status-publish","format-standard","has-post-thumbnail","hentry","category-salud","category-sociedad","tag-coronavirus","tag-coronavirus-en-moreno","tag-covid-19","tag-moreno","tag-reporte-covid-19"],"_links":{"self":[{"href":"https:\/\/morenoprimero.com.ar\/archivo\/wp-json\/wp\/v2\/posts\/6977","targetHints":{"allow":["GET"]}}],"collection":[{"href":"https:\/\/morenoprimero.com.ar\/archivo\/wp-json\/wp\/v2\/posts"}],"about":[{"href":"https:\/\/morenoprimero.com.ar\/archivo\/wp-json\/wp\/v2\/types\/post"}],"author":[{"embeddable":true,"href":"https:\/\/morenoprimero.com.ar\/archivo\/wp-json\/wp\/v2\/users\/6"}],"replies":[{"embeddable":true,"href":"https:\/\/morenoprimero.com.ar\/archivo\/wp-json\/wp\/v2\/comments?post=6977"}],"version-history":[{"count":2,"href":"https:\/\/morenoprimero.com.ar\/archivo\/wp-json\/wp\/v2\/posts\/6977\/revisions"}],"predecessor-version":[{"id":6988,"href":"https:\/\/morenoprimero.com.ar\/archivo\/wp-json\/wp\/v2\/posts\/6977\/revisions\/6988"}],"wp:featuredmedia":[{"embeddable":true,"href":"https:\/\/morenoprimero.com.ar\/archivo\/wp-json\/wp\/v2\/media\/3834"}],"wp:attachment":[{"href":"https:\/\/morenoprimero.com.ar\/archivo\/wp-json\/wp\/v2\/media?parent=6977"}],"wp:term":[{"taxonomy":"category","embeddable":true,"href":"https:\/\/morenoprimero.com.ar\/archivo\/wp-json\/wp\/v2\/categories?post=6977"},{"taxonomy":"post_tag","embeddable":true,"href":"https:\/\/morenoprimero.com.ar\/archivo\/wp-json\/wp\/v2\/tags?post=6977"}],"curies":[{"name":"wp","href":"https:\/\/api.w.org\/{rel}","templated":true}]}}