{"id":6906,"date":"2020-12-23T12:02:53","date_gmt":"2020-12-23T12:02:53","guid":{"rendered":"https:\/\/morenoprimero.com.ar\/?p=6906"},"modified":"2020-12-23T12:02:53","modified_gmt":"2020-12-23T12:02:53","slug":"asueto-municipal-el-24-y-el-31","status":"publish","type":"post","link":"https:\/\/morenoprimero.com.ar\/archivo\/asueto-municipal-el-24-y-el-31\/","title":{"rendered":"ASUETO MUNICIPAL EL 24 Y EL 31"},"content":{"rendered":"\n<h4 class=\"wp-block-heading\">La intendenta de Moreno decret\u00f3 asueto municipal los d\u00edas 24 y 31 jornadas completas, y los d\u00edas 23 y 30 desde las 12 del mediod\u00eda. <\/h4>\n\n\n\n<p>El objetivo del asueto es facilitar a las trabajadoras y los trabajadores municipales la organizaci\u00f3n de las fiestas de fin de a\u00f1o.<\/p>\n\n\n\n<p>El Ejecutivo dispondr\u00e1 de guardias en las distintas \u00e1reas para garantizar la continuidad en la prestaci\u00f3n de los servicios esenciales. <\/p>\n\n\n\n<figure class=\"wp-block-image size-large\"><img loading=\"lazy\" decoding=\"async\" width=\"678\" height=\"1024\" src=\"https:\/\/morenoprimero.com.ar\/wp-content\/uploads\/2020\/12\/Asueto-678x1024.jpeg\" alt=\"\" class=\"wp-image-6908\" srcset=\"https:\/\/morenoprimero.com.ar\/archivo\/wp-content\/uploads\/2020\/12\/Asueto-678x1024.jpeg 678w, https:\/\/morenoprimero.com.ar\/archivo\/wp-content\/uploads\/2020\/12\/Asueto-199x300.jpeg 199w, https:\/\/morenoprimero.com.ar\/archivo\/wp-content\/uploads\/2020\/12\/Asueto-768x1159.jpeg 768w, https:\/\/morenoprimero.com.ar\/archivo\/wp-content\/uploads\/2020\/12\/Asueto.jpeg 848w\" sizes=\"auto, (max-width: 678px) 100vw, 678px\" \/><\/figure>\n","protected":false},"excerpt":{"rendered":"<p>La intendenta de Moreno decret\u00f3 asueto municipal los d\u00edas 24 y 31 jornadas completas, y los d\u00edas 23 y 30 desde las 12 del mediod\u00eda. El objetivo del asueto es facilitar a las trabajadoras y los trabajadores municipales la organizaci\u00f3n &hellip; <a href=\"https:\/\/morenoprimero.com.ar\/archivo\/asueto-municipal-el-24-y-el-31\/\">Sigue leyendo <span class=\"meta-nav\">&rarr;<\/span><\/a><\/p>\n","protected":false},"author":6,"featured_media":6907,"comment_status":"open","ping_status":"open","sticky":false,"template":"","format":"standard","meta":{"footnotes":""},"categories":[5,20],"tags":[1373,714,102],"class_list":["post-6906","post","type-post","status-publish","format-standard","has-post-thumbnail","hentry","category-recomendadas","category-sociedad","tag-asueto-administrativo","tag-municipalidad-de-moreno","tag-municipio-de-moreno"],"_links":{"self":[{"href":"https:\/\/morenoprimero.com.ar\/archivo\/wp-json\/wp\/v2\/posts\/6906","targetHints":{"allow":["GET"]}}],"collection":[{"href":"https:\/\/morenoprimero.com.ar\/archivo\/wp-json\/wp\/v2\/posts"}],"about":[{"href":"https:\/\/morenoprimero.com.ar\/archivo\/wp-json\/wp\/v2\/types\/post"}],"author":[{"embeddable":true,"href":"https:\/\/morenoprimero.com.ar\/archivo\/wp-json\/wp\/v2\/users\/6"}],"replies":[{"embeddable":true,"href":"https:\/\/morenoprimero.com.ar\/archivo\/wp-json\/wp\/v2\/comments?post=6906"}],"version-history":[{"count":1,"href":"https:\/\/morenoprimero.com.ar\/archivo\/wp-json\/wp\/v2\/posts\/6906\/revisions"}],"predecessor-version":[{"id":6909,"href":"https:\/\/morenoprimero.com.ar\/archivo\/wp-json\/wp\/v2\/posts\/6906\/revisions\/6909"}],"wp:featuredmedia":[{"embeddable":true,"href":"https:\/\/morenoprimero.com.ar\/archivo\/wp-json\/wp\/v2\/media\/6907"}],"wp:attachment":[{"href":"https:\/\/morenoprimero.com.ar\/archivo\/wp-json\/wp\/v2\/media?parent=6906"}],"wp:term":[{"taxonomy":"category","embeddable":true,"href":"https:\/\/morenoprimero.com.ar\/archivo\/wp-json\/wp\/v2\/categories?post=6906"},{"taxonomy":"post_tag","embeddable":true,"href":"https:\/\/morenoprimero.com.ar\/archivo\/wp-json\/wp\/v2\/tags?post=6906"}],"curies":[{"name":"wp","href":"https:\/\/api.w.org\/{rel}","templated":true}]}}