{"id":6884,"date":"2020-12-22T14:28:08","date_gmt":"2020-12-22T14:28:08","guid":{"rendered":"https:\/\/morenoprimero.com.ar\/?p=6884"},"modified":"2021-01-04T11:28:12","modified_gmt":"2021-01-04T11:28:12","slug":"paro-de-trenes-el-ministerio-de-trabajo-dicto-la-conciliacion-obligatoria","status":"publish","type":"post","link":"https:\/\/morenoprimero.com.ar\/archivo\/paro-de-trenes-el-ministerio-de-trabajo-dicto-la-conciliacion-obligatoria\/","title":{"rendered":"PARO DE TRENES: EL MINISTERIO DE TRABAJO DICT\u00d3 LA CONCILIACI\u00d3N OBLIGATORIA"},"content":{"rendered":"\n<h4 class=\"wp-block-heading\">La medida hab\u00eda sido dispuesta por el sindicato de conductores de trenes \u00abLa fraternidad\u00bb luego del fracaso de las negociaciones con la Superintendencia de Servicios de Salud. <\/h4>\n\n\n\n<p>Tras el anuncio de un paro total de trenes de 24 horas, el Ministerio de Trabajo orden\u00f3 la conciliaci\u00f3n obligatoria el marco del conflicto que mantiene paralizado hoy el servicio de todas las l\u00edneas de ferroviarias.<\/p>\n\n\n\n<p>El paro de hoy se realiza luego de que ayer fracasara una reuni\u00f3n con las autoridades de las que participaron el gremialista de Obras Sanitarias y par del consejo directivo de la CGT,&nbsp;<strong>Jos\u00e9 Luis Lingeri<\/strong>, y el presidente de la Obra Social Ferroviaria (OSFA),&nbsp;<strong>Juan Sifr\u00e9n<\/strong>.<\/p>\n\n\n\n<p>El titular del Sindicato de Conductores de Trenes La Fraternidad,&nbsp;<strong>Omar Maturano<\/strong>, dijo en radio Continental, que el paro es la \u00ab\u00fanica manera\u00bb que tienen de ser escuchados en virtud de la deuda que la Superintendencia de Servicios de Salud (SSS) mantiene con la obra social del gremio.<\/p>\n\n\n\n<p>El sindicalista explic\u00f3 que existe \u00abuna deuda por 140 millones de pesos que tiene la Superintendencia de Servicios de Salud\u00bb y que \u00abcon la salud de los trabajadores no se jode\u00bb.<\/p>\n\n\n\n<p>Fuente: \u00c1mbito.com<\/p>\n\n\n\n<p><\/p>\n","protected":false},"excerpt":{"rendered":"<p>La medida hab\u00eda sido dispuesta por el sindicato de conductores de trenes \u00abLa fraternidad\u00bb luego del fracaso de las negociaciones con la Superintendencia de Servicios de Salud. Tras el anuncio de un paro total de trenes de 24 horas, el &hellip; <a href=\"https:\/\/morenoprimero.com.ar\/archivo\/paro-de-trenes-el-ministerio-de-trabajo-dicto-la-conciliacion-obligatoria\/\">Sigue leyendo <span class=\"meta-nav\">&rarr;<\/span><\/a><\/p>\n","protected":false},"author":6,"featured_media":6950,"comment_status":"open","ping_status":"open","sticky":false,"template":"","format":"standard","meta":{"footnotes":""},"categories":[1],"tags":[1367],"class_list":["post-6884","post","type-post","status-publish","format-standard","has-post-thumbnail","hentry","category-sin-categoria","tag-paro-de-trenes"],"_links":{"self":[{"href":"https:\/\/morenoprimero.com.ar\/archivo\/wp-json\/wp\/v2\/posts\/6884","targetHints":{"allow":["GET"]}}],"collection":[{"href":"https:\/\/morenoprimero.com.ar\/archivo\/wp-json\/wp\/v2\/posts"}],"about":[{"href":"https:\/\/morenoprimero.com.ar\/archivo\/wp-json\/wp\/v2\/types\/post"}],"author":[{"embeddable":true,"href":"https:\/\/morenoprimero.com.ar\/archivo\/wp-json\/wp\/v2\/users\/6"}],"replies":[{"embeddable":true,"href":"https:\/\/morenoprimero.com.ar\/archivo\/wp-json\/wp\/v2\/comments?post=6884"}],"version-history":[{"count":4,"href":"https:\/\/morenoprimero.com.ar\/archivo\/wp-json\/wp\/v2\/posts\/6884\/revisions"}],"predecessor-version":[{"id":6952,"href":"https:\/\/morenoprimero.com.ar\/archivo\/wp-json\/wp\/v2\/posts\/6884\/revisions\/6952"}],"wp:featuredmedia":[{"embeddable":true,"href":"https:\/\/morenoprimero.com.ar\/archivo\/wp-json\/wp\/v2\/media\/6950"}],"wp:attachment":[{"href":"https:\/\/morenoprimero.com.ar\/archivo\/wp-json\/wp\/v2\/media?parent=6884"}],"wp:term":[{"taxonomy":"category","embeddable":true,"href":"https:\/\/morenoprimero.com.ar\/archivo\/wp-json\/wp\/v2\/categories?post=6884"},{"taxonomy":"post_tag","embeddable":true,"href":"https:\/\/morenoprimero.com.ar\/archivo\/wp-json\/wp\/v2\/tags?post=6884"}],"curies":[{"name":"wp","href":"https:\/\/api.w.org\/{rel}","templated":true}]}}