{"id":6795,"date":"2020-12-18T18:18:47","date_gmt":"2020-12-18T18:18:47","guid":{"rendered":"https:\/\/morenoprimero.com.ar\/?p=6795"},"modified":"2020-12-18T18:18:47","modified_gmt":"2020-12-18T18:18:47","slug":"anses-extiende-la-suspension-del-tramite-de-supervivencia","status":"publish","type":"post","link":"https:\/\/morenoprimero.com.ar\/archivo\/anses-extiende-la-suspension-del-tramite-de-supervivencia\/","title":{"rendered":"ANSES EXTIENDE LA SUSPENSI\u00d3N DEL TR\u00c1MITE DE SUPERVIVENCIA"},"content":{"rendered":"\n<h4 class=\"wp-block-heading\">La extensi\u00f3n ser\u00e1 hasta el 31 de marzo del a\u00f1o 2021.<\/h4>\n\n\n\n<figure class=\"wp-block-image size-large is-resized\"><img loading=\"lazy\" decoding=\"async\" src=\"https:\/\/morenoprimero.com.ar\/wp-content\/uploads\/2020\/12\/anses.png\" alt=\"\" class=\"wp-image-6796\" width=\"570\" height=\"319\" srcset=\"https:\/\/morenoprimero.com.ar\/archivo\/wp-content\/uploads\/2020\/12\/anses.png 473w, https:\/\/morenoprimero.com.ar\/archivo\/wp-content\/uploads\/2020\/12\/anses-300x168.png 300w\" sizes=\"auto, (max-width: 570px) 100vw, 570px\" \/><\/figure>\n\n\n\n<p>Anses inform\u00f3 que se extiende la suspensi\u00f3n del tr\u00e1mite de supervivencia o fe de vida para las y los jubilados hasta <strong>el 31 de marzo.<\/strong><\/p>\n\n\n\n<p>Esto significa que las y los beneficiarios no deber\u00e1n acercarse a los bancos para llevar a cabo la gesti\u00f3n.<\/p>\n\n\n\n<p>Fuente: Anses Prensa<\/p>\n\n\n\n<p><\/p>\n","protected":false},"excerpt":{"rendered":"<p>La extensi\u00f3n ser\u00e1 hasta el 31 de marzo del a\u00f1o 2021. Anses inform\u00f3 que se extiende la suspensi\u00f3n del tr\u00e1mite de supervivencia o fe de vida para las y los jubilados hasta el 31 de marzo. Esto significa que las &hellip; <a href=\"https:\/\/morenoprimero.com.ar\/archivo\/anses-extiende-la-suspension-del-tramite-de-supervivencia\/\">Sigue leyendo <span class=\"meta-nav\">&rarr;<\/span><\/a><\/p>\n","protected":false},"author":6,"featured_media":6046,"comment_status":"open","ping_status":"open","sticky":false,"template":"","format":"standard","meta":{"footnotes":""},"categories":[926,27,20],"tags":[36,1348,1350,739,1349],"class_list":["post-6795","post","type-post","status-publish","format-standard","has-post-thumbnail","hentry","category-economia","category-politica","category-sociedad","tag-anses","tag-fe-de-vida-2","tag-jubiladas","tag-jubilados","tag-supervivencia"],"_links":{"self":[{"href":"https:\/\/morenoprimero.com.ar\/archivo\/wp-json\/wp\/v2\/posts\/6795","targetHints":{"allow":["GET"]}}],"collection":[{"href":"https:\/\/morenoprimero.com.ar\/archivo\/wp-json\/wp\/v2\/posts"}],"about":[{"href":"https:\/\/morenoprimero.com.ar\/archivo\/wp-json\/wp\/v2\/types\/post"}],"author":[{"embeddable":true,"href":"https:\/\/morenoprimero.com.ar\/archivo\/wp-json\/wp\/v2\/users\/6"}],"replies":[{"embeddable":true,"href":"https:\/\/morenoprimero.com.ar\/archivo\/wp-json\/wp\/v2\/comments?post=6795"}],"version-history":[{"count":2,"href":"https:\/\/morenoprimero.com.ar\/archivo\/wp-json\/wp\/v2\/posts\/6795\/revisions"}],"predecessor-version":[{"id":6799,"href":"https:\/\/morenoprimero.com.ar\/archivo\/wp-json\/wp\/v2\/posts\/6795\/revisions\/6799"}],"wp:featuredmedia":[{"embeddable":true,"href":"https:\/\/morenoprimero.com.ar\/archivo\/wp-json\/wp\/v2\/media\/6046"}],"wp:attachment":[{"href":"https:\/\/morenoprimero.com.ar\/archivo\/wp-json\/wp\/v2\/media?parent=6795"}],"wp:term":[{"taxonomy":"category","embeddable":true,"href":"https:\/\/morenoprimero.com.ar\/archivo\/wp-json\/wp\/v2\/categories?post=6795"},{"taxonomy":"post_tag","embeddable":true,"href":"https:\/\/morenoprimero.com.ar\/archivo\/wp-json\/wp\/v2\/tags?post=6795"}],"curies":[{"name":"wp","href":"https:\/\/api.w.org\/{rel}","templated":true}]}}