{"id":6569,"date":"2020-12-14T17:44:11","date_gmt":"2020-12-14T17:44:11","guid":{"rendered":"https:\/\/morenoprimero.com.ar\/?p=6569"},"modified":"2020-12-14T17:44:42","modified_gmt":"2020-12-14T17:44:42","slug":"se-comienza-a-debatir-en-comisiones-la-ley-de-legalizacion-del-aborto","status":"publish","type":"post","link":"https:\/\/morenoprimero.com.ar\/archivo\/se-comienza-a-debatir-en-comisiones-la-ley-de-legalizacion-del-aborto\/","title":{"rendered":"SE COMIENZA A DEBATIR EN COMISIONES LA LEY DE LEGALIZACI\u00d3N DEL ABORTO"},"content":{"rendered":"\n<h4 class=\"wp-block-heading\">Primero pasar\u00e1 por comisiones y se espera que el martes 29 pueda llegar al recinto para su votaci\u00f3n.<\/h4>\n\n\n\n<figure class=\"wp-block-image size-large\"><img loading=\"lazy\" decoding=\"async\" width=\"1004\" height=\"565\" src=\"https:\/\/morenoprimero.com.ar\/wp-content\/uploads\/2020\/12\/5fd2c06cda736_1004x565.jpg\" alt=\"\" class=\"wp-image-6570\" srcset=\"https:\/\/morenoprimero.com.ar\/archivo\/wp-content\/uploads\/2020\/12\/5fd2c06cda736_1004x565.jpg 1004w, https:\/\/morenoprimero.com.ar\/archivo\/wp-content\/uploads\/2020\/12\/5fd2c06cda736_1004x565-300x169.jpg 300w, https:\/\/morenoprimero.com.ar\/archivo\/wp-content\/uploads\/2020\/12\/5fd2c06cda736_1004x565-768x432.jpg 768w\" sizes=\"auto, (max-width: 1004px) 100vw, 1004px\" \/><\/figure>\n\n\n\n<p>El Senado comenzar\u00f3 hoy el tratamiento en comisi\u00f3n del\u00a0<strong>proyecto de Ley de Interrupci\u00f3n Voluntaria del Embarazo (IVE)<\/strong>, aprobado el viernes por la C\u00e1mara de Diputados, con la intenci\u00f3n que la firma del dictamen sea en los pr\u00f3ximos d\u00edas y que pueda ser tratado en el recinto el pr\u00f3ximo 29, antes de fin de a\u00f1o.<\/p>\n\n\n\n<p>El tratamiento en comisiones\u00a0<strong>comenz\u00f3 esta tarde, a partir de las 14,\u00a0<\/strong>cuando senadores y senadoras se re\u00fanan para escuchar las opiniones del ministro de Salud, <strong>Gin\u00e9s Gonz\u00e1lez Garc\u00eda<\/strong>; de la ministra de Mujeres, G\u00e9neros y Diversidad, <strong>Elizabeth G\u00f3mez Alcorta<\/strong>; y de la secretaria Legal y T\u00e9cnica de la Presidencia,<strong> Vilma Ibarra<\/strong>.<\/p>\n\n\n\n<p>El<strong>&nbsp;plan de trabajo<\/strong>&nbsp;incluye para esta semana cuatro plenarios de las comisiones a las que fue girada el viernes la iniciativa: Justicia; Asuntos Penales y Salud; y Banca de la Mujer.<\/p>\n\n\n\n<p>El cronograma legislativo consiste en tratar a partir de hoy hasta <strong>el 16 de diciembre<\/strong> el debate en comisiones, el <strong>17<\/strong> de diciembre se firmar\u00eda el dictamen y el <strong>29<\/strong> se votar\u00e1 en el recinto.<\/p>\n\n\n\n<p>Fuente: T\u00e9lam.<\/p>\n\n\n\n<p><\/p>\n\n\n\n<p><\/p>\n\n\n\n<p><\/p>\n","protected":false},"excerpt":{"rendered":"<p>Primero pasar\u00e1 por comisiones y se espera que el martes 29 pueda llegar al recinto para su votaci\u00f3n. El Senado comenzar\u00f3 hoy el tratamiento en comisi\u00f3n del\u00a0proyecto de Ley de Interrupci\u00f3n Voluntaria del Embarazo (IVE), aprobado el viernes por la &hellip; <a href=\"https:\/\/morenoprimero.com.ar\/archivo\/se-comienza-a-debatir-en-comisiones-la-ley-de-legalizacion-del-aborto\/\">Sigue leyendo <span class=\"meta-nav\">&rarr;<\/span><\/a><\/p>\n","protected":false},"author":6,"featured_media":6570,"comment_status":"open","ping_status":"open","sticky":false,"template":"","format":"standard","meta":{"footnotes":""},"categories":[27,536,20],"tags":[1198,1301,333],"class_list":["post-6569","post","type-post","status-publish","format-standard","has-post-thumbnail","hentry","category-politica","category-salud","category-sociedad","tag-ley-de-interrupcion-voluntaria-del-embarazo","tag-plenario-de-comisiones","tag-senado-de-la-nacion-argentina"],"_links":{"self":[{"href":"https:\/\/morenoprimero.com.ar\/archivo\/wp-json\/wp\/v2\/posts\/6569","targetHints":{"allow":["GET"]}}],"collection":[{"href":"https:\/\/morenoprimero.com.ar\/archivo\/wp-json\/wp\/v2\/posts"}],"about":[{"href":"https:\/\/morenoprimero.com.ar\/archivo\/wp-json\/wp\/v2\/types\/post"}],"author":[{"embeddable":true,"href":"https:\/\/morenoprimero.com.ar\/archivo\/wp-json\/wp\/v2\/users\/6"}],"replies":[{"embeddable":true,"href":"https:\/\/morenoprimero.com.ar\/archivo\/wp-json\/wp\/v2\/comments?post=6569"}],"version-history":[{"count":3,"href":"https:\/\/morenoprimero.com.ar\/archivo\/wp-json\/wp\/v2\/posts\/6569\/revisions"}],"predecessor-version":[{"id":6599,"href":"https:\/\/morenoprimero.com.ar\/archivo\/wp-json\/wp\/v2\/posts\/6569\/revisions\/6599"}],"wp:featuredmedia":[{"embeddable":true,"href":"https:\/\/morenoprimero.com.ar\/archivo\/wp-json\/wp\/v2\/media\/6570"}],"wp:attachment":[{"href":"https:\/\/morenoprimero.com.ar\/archivo\/wp-json\/wp\/v2\/media?parent=6569"}],"wp:term":[{"taxonomy":"category","embeddable":true,"href":"https:\/\/morenoprimero.com.ar\/archivo\/wp-json\/wp\/v2\/categories?post=6569"},{"taxonomy":"post_tag","embeddable":true,"href":"https:\/\/morenoprimero.com.ar\/archivo\/wp-json\/wp\/v2\/tags?post=6569"}],"curies":[{"name":"wp","href":"https:\/\/api.w.org\/{rel}","templated":true}]}}