{"id":6472,"date":"2020-12-12T04:39:21","date_gmt":"2020-12-12T04:39:21","guid":{"rendered":"https:\/\/morenoprimero.com.ar\/?p=6472"},"modified":"2020-12-12T04:39:22","modified_gmt":"2020-12-12T04:39:22","slug":"la-ley-de-movilidad-jubilatoria-obtuvo-media-sancion-en-el-senado","status":"publish","type":"post","link":"https:\/\/morenoprimero.com.ar\/archivo\/la-ley-de-movilidad-jubilatoria-obtuvo-media-sancion-en-el-senado\/","title":{"rendered":"LA LEY DE MOVILIDAD JUBILATORIA OBTUVO MEDIA SANCI\u00d3N EN EL SENADO"},"content":{"rendered":"\n<h4 class=\"wp-block-heading\">Fue aprobada <strong>con 41 votos a favor y 26 en contra<\/strong>, de esta manera, avanza a la C\u00e1mara de Diputados de la Naci\u00f3n<strong>.<\/strong><\/h4>\n\n\n\n<figure class=\"wp-block-image size-large\"><img loading=\"lazy\" decoding=\"async\" width=\"1024\" height=\"696\" src=\"https:\/\/morenoprimero.com.ar\/wp-content\/uploads\/2020\/12\/FR_Movilidad_Senado.jpeg\" alt=\"\" class=\"wp-image-6475\" srcset=\"https:\/\/morenoprimero.com.ar\/archivo\/wp-content\/uploads\/2020\/12\/FR_Movilidad_Senado.jpeg 1024w, https:\/\/morenoprimero.com.ar\/archivo\/wp-content\/uploads\/2020\/12\/FR_Movilidad_Senado-300x204.jpeg 300w, https:\/\/morenoprimero.com.ar\/archivo\/wp-content\/uploads\/2020\/12\/FR_Movilidad_Senado-768x522.jpeg 768w\" sizes=\"auto, (max-width: 1024px) 100vw, 1024px\" \/><\/figure>\n\n\n\n<p><strong>La nueva f\u00f3rmula tiene como objetivo recuperar la evoluci\u00f3n de los haberes que alcanzaron los jubilados entre 2009 y 2017, cuando aumentaron su poder de compra un 26 por ciento, mientras que con la Ley 27.426 sancionada en 2017 los jubilados perdieron casi un 20 por ciento de poder adquisitivo con respecto a la inflaci\u00f3n.<\/strong><\/p>\n\n\n\n<p>Con la nueva Ley el aumento de los haberes se realizar\u00e1 trimestralmente, en los meses de marzo, junio, septiembre y diciembre. La primera actualizaci\u00f3n se har\u00e1 efectiva a partir del 1\u00b0 de marzo de 2021.<\/p>\n\n\n\n<p>La directora ejecutiva de la ANSES,&nbsp;<strong>Fernanda Raverta<\/strong>, dijo al respecto: \u201c<em>Esta f\u00f3rmula jubilatoria lograr\u00e1 que los haberes de los jubilados y las jubiladas aumenten por encima de la inflaci\u00f3n y les permitir\u00e1 mejorar su calidad de vida. Adem\u00e1s, trae algo muy importante para los jubilados y jubiladas argentinas que es previsibilidad, que sepan cu\u00e1ndo van a tener sus aumentos\u201d.<\/em><\/p>\n\n\n\n<p><strong>Este proyecto de Ley fue analizado durante m\u00e1s de 20 jornadas por una comisi\u00f3n mixta integrada por diputados y senadores de todos los bloques pol\u00edticos donde se reunieron y escucharon a m\u00e1s de 24 especialistas, abogados previsionalistas, jueces y camaristas de la seguridad social.<\/strong><\/p>\n\n\n\n<p>Fuente: Anses prensa.<\/p>\n\n\n\n<p><\/p>\n","protected":false},"excerpt":{"rendered":"<p>Fue aprobada con 41 votos a favor y 26 en contra, de esta manera, avanza a la C\u00e1mara de Diputados de la Naci\u00f3n. La nueva f\u00f3rmula tiene como objetivo recuperar la evoluci\u00f3n de los haberes que alcanzaron los jubilados entre &hellip; <a href=\"https:\/\/morenoprimero.com.ar\/archivo\/la-ley-de-movilidad-jubilatoria-obtuvo-media-sancion-en-el-senado\/\">Sigue leyendo <span class=\"meta-nav\">&rarr;<\/span><\/a><\/p>\n","protected":false},"author":6,"featured_media":6475,"comment_status":"open","ping_status":"open","sticky":false,"template":"","format":"standard","meta":{"footnotes":""},"categories":[926,27,20],"tags":[1293,1292,726],"class_list":["post-6472","post","type-post","status-publish","format-standard","has-post-thumbnail","hentry","category-economia","category-politica","category-sociedad","tag-media-sancion","tag-movilidad-jubilatoria","tag-senado"],"_links":{"self":[{"href":"https:\/\/morenoprimero.com.ar\/archivo\/wp-json\/wp\/v2\/posts\/6472","targetHints":{"allow":["GET"]}}],"collection":[{"href":"https:\/\/morenoprimero.com.ar\/archivo\/wp-json\/wp\/v2\/posts"}],"about":[{"href":"https:\/\/morenoprimero.com.ar\/archivo\/wp-json\/wp\/v2\/types\/post"}],"author":[{"embeddable":true,"href":"https:\/\/morenoprimero.com.ar\/archivo\/wp-json\/wp\/v2\/users\/6"}],"replies":[{"embeddable":true,"href":"https:\/\/morenoprimero.com.ar\/archivo\/wp-json\/wp\/v2\/comments?post=6472"}],"version-history":[{"count":2,"href":"https:\/\/morenoprimero.com.ar\/archivo\/wp-json\/wp\/v2\/posts\/6472\/revisions"}],"predecessor-version":[{"id":6477,"href":"https:\/\/morenoprimero.com.ar\/archivo\/wp-json\/wp\/v2\/posts\/6472\/revisions\/6477"}],"wp:featuredmedia":[{"embeddable":true,"href":"https:\/\/morenoprimero.com.ar\/archivo\/wp-json\/wp\/v2\/media\/6475"}],"wp:attachment":[{"href":"https:\/\/morenoprimero.com.ar\/archivo\/wp-json\/wp\/v2\/media?parent=6472"}],"wp:term":[{"taxonomy":"category","embeddable":true,"href":"https:\/\/morenoprimero.com.ar\/archivo\/wp-json\/wp\/v2\/categories?post=6472"},{"taxonomy":"post_tag","embeddable":true,"href":"https:\/\/morenoprimero.com.ar\/archivo\/wp-json\/wp\/v2\/tags?post=6472"}],"curies":[{"name":"wp","href":"https:\/\/api.w.org\/{rel}","templated":true}]}}