{"id":6411,"date":"2020-12-09T17:37:34","date_gmt":"2020-12-09T17:37:34","guid":{"rendered":"https:\/\/morenoprimero.com.ar\/?p=6411"},"modified":"2020-12-09T17:37:34","modified_gmt":"2020-12-09T17:37:34","slug":"caravana-en-apoyo-a-mariel-fernandez-a-un-ano-de-su-historico-triunfo","status":"publish","type":"post","link":"https:\/\/morenoprimero.com.ar\/archivo\/caravana-en-apoyo-a-mariel-fernandez-a-un-ano-de-su-historico-triunfo\/","title":{"rendered":"CARAVANA EN APOYO A MARIEL FERN\u00c1NDEZ A UN A\u00d1O DE SU HIST\u00d3RICO TRIUNFO"},"content":{"rendered":"\n<h2 class=\"wp-block-heading\">  Caravana en apoyo a Mariel Fern\u00e1ndez a un a\u00f1o de su triunfo electoral donde se convirti\u00f3 en la primera intendenta mujer.<\/h2>\n\n\n\n<p>\u00a0 <strong>Mariel Fern\u00e1ndez fue elegida en 2019 con el 60% de los votos como la primera mujer que gobierna Moreno; la menor cantidad de cortes de boleta y la candidata m\u00e1s votadas en la historia de Moreno.\u00a0<\/strong><\/p>\n\n\n\n<p>\u00a0\u00a0A un a\u00f1o de la asunci\u00f3n de la primera intendenta mujer, <strong>el Frente de Todos convoca a una caravana que inicia su recorrido a las 18:00 Hs<\/strong> en Colectora Sur, atr\u00e1s del\u00a0Nine, y finaliza en la Plaza Buj\u00e1n.\u00a0<\/p>\n","protected":false},"excerpt":{"rendered":"<p>Caravana en apoyo a Mariel Fern\u00e1ndez a un a\u00f1o de su triunfo electoral donde se convirti\u00f3 en la primera intendenta mujer. \u00a0 Mariel Fern\u00e1ndez fue elegida en 2019 con el 60% de los votos como la primera mujer que gobierna &hellip; <a href=\"https:\/\/morenoprimero.com.ar\/archivo\/caravana-en-apoyo-a-mariel-fernandez-a-un-ano-de-su-historico-triunfo\/\">Sigue leyendo <span class=\"meta-nav\">&rarr;<\/span><\/a><\/p>\n","protected":false},"author":6,"featured_media":6412,"comment_status":"open","ping_status":"open","sticky":false,"template":"","format":"standard","meta":{"footnotes":""},"categories":[21,20],"tags":[1217,28,666,276],"class_list":["post-6411","post","type-post","status-publish","format-standard","has-post-thumbnail","hentry","category-interes-general","category-sociedad","tag-caravana","tag-frente-de-todos","tag-frente-de-todos-moreno","tag-mariel-fernandez"],"_links":{"self":[{"href":"https:\/\/morenoprimero.com.ar\/archivo\/wp-json\/wp\/v2\/posts\/6411","targetHints":{"allow":["GET"]}}],"collection":[{"href":"https:\/\/morenoprimero.com.ar\/archivo\/wp-json\/wp\/v2\/posts"}],"about":[{"href":"https:\/\/morenoprimero.com.ar\/archivo\/wp-json\/wp\/v2\/types\/post"}],"author":[{"embeddable":true,"href":"https:\/\/morenoprimero.com.ar\/archivo\/wp-json\/wp\/v2\/users\/6"}],"replies":[{"embeddable":true,"href":"https:\/\/morenoprimero.com.ar\/archivo\/wp-json\/wp\/v2\/comments?post=6411"}],"version-history":[{"count":1,"href":"https:\/\/morenoprimero.com.ar\/archivo\/wp-json\/wp\/v2\/posts\/6411\/revisions"}],"predecessor-version":[{"id":6413,"href":"https:\/\/morenoprimero.com.ar\/archivo\/wp-json\/wp\/v2\/posts\/6411\/revisions\/6413"}],"wp:featuredmedia":[{"embeddable":true,"href":"https:\/\/morenoprimero.com.ar\/archivo\/wp-json\/wp\/v2\/media\/6412"}],"wp:attachment":[{"href":"https:\/\/morenoprimero.com.ar\/archivo\/wp-json\/wp\/v2\/media?parent=6411"}],"wp:term":[{"taxonomy":"category","embeddable":true,"href":"https:\/\/morenoprimero.com.ar\/archivo\/wp-json\/wp\/v2\/categories?post=6411"},{"taxonomy":"post_tag","embeddable":true,"href":"https:\/\/morenoprimero.com.ar\/archivo\/wp-json\/wp\/v2\/tags?post=6411"}],"curies":[{"name":"wp","href":"https:\/\/api.w.org\/{rel}","templated":true}]}}