{"id":6390,"date":"2020-12-09T17:38:47","date_gmt":"2020-12-09T17:38:47","guid":{"rendered":"https:\/\/morenoprimero.com.ar\/?p=6390"},"modified":"2020-12-09T17:38:47","modified_gmt":"2020-12-09T17:38:47","slug":"la-unm-comenzo-a-entregar-bicicletas-a-las-y-los-estudiantes-del-voluntariado-de-covid-19","status":"publish","type":"post","link":"https:\/\/morenoprimero.com.ar\/archivo\/la-unm-comenzo-a-entregar-bicicletas-a-las-y-los-estudiantes-del-voluntariado-de-covid-19\/","title":{"rendered":"LA UNM COMENZ\u00d3 A ENTREGAR BICICLETAS A LAS Y LOS ESTUDIANTES DEL VOLUNTARIADO DE COVID-19"},"content":{"rendered":"\n<h4 class=\"wp-block-heading\">La entrega comenz\u00f3 el 2 de diciembre y est\u00e1 dirigida a voluntarios del Centro de Telemedicina COVID-UNM (CeTeC-UNM).<\/h4>\n\n\n\n<figure class=\"wp-block-image size-large\"><img loading=\"lazy\" decoding=\"async\" width=\"700\" height=\"525\" src=\"https:\/\/morenoprimero.com.ar\/wp-content\/uploads\/2020\/12\/unnamed.jpg\" alt=\"\" class=\"wp-image-6399\" srcset=\"https:\/\/morenoprimero.com.ar\/archivo\/wp-content\/uploads\/2020\/12\/unnamed.jpg 700w, https:\/\/morenoprimero.com.ar\/archivo\/wp-content\/uploads\/2020\/12\/unnamed-300x225.jpg 300w\" sizes=\"auto, (max-width: 700px) 100vw, 700px\" \/><\/figure>\n\n\n\n<p>La <strong>Universidad Nacional de Moreno<\/strong> inici\u00f3, el pasado martes 2 de diciembre, la entrega de las primeras bicicletas a estudiantes voluntarios del <strong>Centro de Telemedicina COVID-UNM<\/strong> (CeTeC-UNM). Pr\u00f3ximamente tambi\u00e9n se entregar\u00e1n a aquellos trabajadores no docentes que realizan tareas esenciales de manera presencial en la Universidad y que hayan solicitado recibirlas.<br>&nbsp;<br>Las bicicletas, aportadas por el <strong>Ministerio de Desarrollo Social de la Naci\u00f3n<\/strong> y la <strong>Secretaria de Pol\u00edticas Universitarias<\/strong>, se encontraban retenidas en <strong>Aduana<\/strong> y, por iniciativa conjunta de estos organismos,&nbsp;se destinaron a distintas universidades para ser puestas a disposici\u00f3n de su comunidad.<\/p>\n\n\n\n<p>Pr\u00f3ximamente, la <strong>UNM<\/strong> entregar\u00e1 las bicicletas restantes a los estudiantes y trabajadores designados de acuerdo a la Resoluci\u00f3n UNM-R N\u00b0 159\/2020.<\/p>\n\n\n\n<p>Fuente: Universidad Nacional de Moreno.<\/p>\n\n\n\n<p><\/p>\n","protected":false},"excerpt":{"rendered":"<p>La entrega comenz\u00f3 el 2 de diciembre y est\u00e1 dirigida a voluntarios del Centro de Telemedicina COVID-UNM (CeTeC-UNM). La Universidad Nacional de Moreno inici\u00f3, el pasado martes 2 de diciembre, la entrega de las primeras bicicletas a estudiantes voluntarios del &hellip; <a href=\"https:\/\/morenoprimero.com.ar\/archivo\/la-unm-comenzo-a-entregar-bicicletas-a-las-y-los-estudiantes-del-voluntariado-de-covid-19\/\">Sigue leyendo <span class=\"meta-nav\">&rarr;<\/span><\/a><\/p>\n","protected":false},"author":6,"featured_media":6399,"comment_status":"open","ping_status":"open","sticky":false,"template":"","format":"standard","meta":{"footnotes":""},"categories":[20],"tags":[1277,84,1278],"class_list":["post-6390","post","type-post","status-publish","format-standard","has-post-thumbnail","hentry","category-sociedad","tag-bicicletas","tag-unm","tag-voluntariado-del-cetec-unm"],"_links":{"self":[{"href":"https:\/\/morenoprimero.com.ar\/archivo\/wp-json\/wp\/v2\/posts\/6390","targetHints":{"allow":["GET"]}}],"collection":[{"href":"https:\/\/morenoprimero.com.ar\/archivo\/wp-json\/wp\/v2\/posts"}],"about":[{"href":"https:\/\/morenoprimero.com.ar\/archivo\/wp-json\/wp\/v2\/types\/post"}],"author":[{"embeddable":true,"href":"https:\/\/morenoprimero.com.ar\/archivo\/wp-json\/wp\/v2\/users\/6"}],"replies":[{"embeddable":true,"href":"https:\/\/morenoprimero.com.ar\/archivo\/wp-json\/wp\/v2\/comments?post=6390"}],"version-history":[{"count":2,"href":"https:\/\/morenoprimero.com.ar\/archivo\/wp-json\/wp\/v2\/posts\/6390\/revisions"}],"predecessor-version":[{"id":6416,"href":"https:\/\/morenoprimero.com.ar\/archivo\/wp-json\/wp\/v2\/posts\/6390\/revisions\/6416"}],"wp:featuredmedia":[{"embeddable":true,"href":"https:\/\/morenoprimero.com.ar\/archivo\/wp-json\/wp\/v2\/media\/6399"}],"wp:attachment":[{"href":"https:\/\/morenoprimero.com.ar\/archivo\/wp-json\/wp\/v2\/media?parent=6390"}],"wp:term":[{"taxonomy":"category","embeddable":true,"href":"https:\/\/morenoprimero.com.ar\/archivo\/wp-json\/wp\/v2\/categories?post=6390"},{"taxonomy":"post_tag","embeddable":true,"href":"https:\/\/morenoprimero.com.ar\/archivo\/wp-json\/wp\/v2\/tags?post=6390"}],"curies":[{"name":"wp","href":"https:\/\/api.w.org\/{rel}","templated":true}]}}