{"id":637,"date":"2020-07-25T19:33:50","date_gmt":"2020-07-25T19:33:50","guid":{"rendered":"https:\/\/morenoprimero.com.ar\/?p=637"},"modified":"2020-11-25T11:29:41","modified_gmt":"2020-11-25T11:29:41","slug":"avanza-la-puesta-en-marcha-de-la-escuela-secundaria-politecnica-de-la-unm","status":"publish","type":"post","link":"https:\/\/morenoprimero.com.ar\/archivo\/avanza-la-puesta-en-marcha-de-la-escuela-secundaria-politecnica-de-la-unm\/","title":{"rendered":"AVANZA LA PUESTA EN MARCHA DE LA ESCUELA SECUNDARIA POLIT\u00c9CNICA DE LA UNM"},"content":{"rendered":"\n<h4 class=\"wp-block-heading\">En la \u00faltima sesi\u00f3n del Consejo Superior, se aprob\u00f3 el Estatuto, los Planes\u00a0de\u00a0Estudios\u00a0de\u00a0las Orientaciones Iniciales (Bachillerato orientado en Econom\u00eda y Administraci\u00f3n y Tecnicatura en Inform\u00e1tica Profesional y Personal)\u00a0\u00a0y la Estructura\u00a0de\u00a0los \u00d3rganos Acad\u00e9micos\u00a0de\u00a0la Escuela Secundaria Polit\u00e9cnica\u00a0de\u00a0la UNM (ESPUNM). <\/h4>\n\n\n\n<p>La creaci\u00f3n\u00a0de\u00a0la ESPUNM hab\u00eda sido aprobada en 2018 por Resoluci\u00f3n UNM-CS N\u00b0 487\/18, luego\u00a0de\u00a0un proceso\u00a0de\u00a0tres a\u00f1os\u00a0de\u00a0trabajo iniciado en 2015 a partir\u00a0del Convenio firmado con el Ministerio\u00a0de\u00a0Educaci\u00f3n\u00a0de\u00a0la Naci\u00f3n, proceso que transitaron otras\u00a0Universidades\u00a0Nacionales y que ya cuentan con su Escuela Secundaria como\u00a0Avellaneda, General Sarmiento y Jauretche, por mencionar algunas\u00a0de\u00a0ellas.<\/p>\n\n\n\n<p>Las medidas aprobadas por el Consejo Superior en el d\u00eda&nbsp;de&nbsp;hoy&nbsp;permiten avanzar en la concreci\u00f3n&nbsp;de&nbsp;este proyecto, que se propone no solo ampliar la oferta educativa para los j\u00f3venes y adolescentes&nbsp;de&nbsp;Moreno, sino que busca constituir un aporte&nbsp;de&nbsp;innovaci\u00f3n pedag\u00f3gica.<\/p>\n\n\n\n<p>La obra&nbsp;del edificio&nbsp;de&nbsp;la ESPUNM, ubicado en las calles Merlo e Int. Corvalan&nbsp;dentro&nbsp;de&nbsp;un sector cedido a la UNM, fue iniciada&nbsp;partir&nbsp;de&nbsp;acuerdos suscritos por la&nbsp;Universidad&nbsp;con la Naci\u00f3n, el Municipio y la Provincia. A partir&nbsp;de&nbsp;las \u00faltimas resoluciones aprobadas por el Consejo Superior, la&nbsp;Universidad&nbsp;se propone completar las obras y adecuarla en los pr\u00f3ximos meses, a partir&nbsp;de&nbsp;la transferencia por la Direcci\u00f3n General&nbsp;de&nbsp;Cultura y Educaci\u00f3n&nbsp;de&nbsp;la provincia, a\u00fan pendiente.<\/p>\n\n\n\n<p>De&nbsp;este modo, y luego&nbsp;de&nbsp;un periodo en el que, por diferentes circunstancias, las obras y la gesti\u00f3n&nbsp;de&nbsp;la ESPUNM se hab\u00edan visto paralizadas, la UNM da un paso&nbsp;decisivo para ponerla en marcha a partir&nbsp;del ciclo lectivo 2021.<\/p>\n\n\n\n<p>En los pr\u00f3ximos d\u00edas se dar\u00e1 comienzo a la preinscripci\u00f3n&nbsp;online&nbsp;y una serie&nbsp;de&nbsp;charlas informativas y&nbsp;de&nbsp;orientaci\u00f3n virtuales, en el actual contexto&nbsp;del ASPO.<\/p>\n\n\n\n<p><\/p>\n","protected":false},"excerpt":{"rendered":"<p>En la \u00faltima sesi\u00f3n del Consejo Superior, se aprob\u00f3 el Estatuto, los Planes\u00a0de\u00a0Estudios\u00a0de\u00a0las Orientaciones Iniciales (Bachillerato orientado en Econom\u00eda y Administraci\u00f3n y Tecnicatura en Inform\u00e1tica Profesional y Personal)\u00a0\u00a0y la Estructura\u00a0de\u00a0los \u00d3rganos Acad\u00e9micos\u00a0de\u00a0la Escuela Secundaria Polit\u00e9cnica\u00a0de\u00a0la UNM (ESPUNM). La creaci\u00f3n\u00a0de\u00a0la ESPUNM &hellip; <a href=\"https:\/\/morenoprimero.com.ar\/archivo\/avanza-la-puesta-en-marcha-de-la-escuela-secundaria-politecnica-de-la-unm\/\">Sigue leyendo <span class=\"meta-nav\">&rarr;<\/span><\/a><\/p>\n","protected":false},"author":6,"featured_media":638,"comment_status":"open","ping_status":"open","sticky":false,"template":"","format":"standard","meta":{"footnotes":""},"categories":[21,20],"tags":[192,281,84],"class_list":["post-637","post","type-post","status-publish","format-standard","has-post-thumbnail","hentry","category-interes-general","category-sociedad","tag-educacion-publica","tag-espunm","tag-unm"],"_links":{"self":[{"href":"https:\/\/morenoprimero.com.ar\/archivo\/wp-json\/wp\/v2\/posts\/637","targetHints":{"allow":["GET"]}}],"collection":[{"href":"https:\/\/morenoprimero.com.ar\/archivo\/wp-json\/wp\/v2\/posts"}],"about":[{"href":"https:\/\/morenoprimero.com.ar\/archivo\/wp-json\/wp\/v2\/types\/post"}],"author":[{"embeddable":true,"href":"https:\/\/morenoprimero.com.ar\/archivo\/wp-json\/wp\/v2\/users\/6"}],"replies":[{"embeddable":true,"href":"https:\/\/morenoprimero.com.ar\/archivo\/wp-json\/wp\/v2\/comments?post=637"}],"version-history":[{"count":1,"href":"https:\/\/morenoprimero.com.ar\/archivo\/wp-json\/wp\/v2\/posts\/637\/revisions"}],"predecessor-version":[{"id":639,"href":"https:\/\/morenoprimero.com.ar\/archivo\/wp-json\/wp\/v2\/posts\/637\/revisions\/639"}],"wp:featuredmedia":[{"embeddable":true,"href":"https:\/\/morenoprimero.com.ar\/archivo\/wp-json\/wp\/v2\/media\/638"}],"wp:attachment":[{"href":"https:\/\/morenoprimero.com.ar\/archivo\/wp-json\/wp\/v2\/media?parent=637"}],"wp:term":[{"taxonomy":"category","embeddable":true,"href":"https:\/\/morenoprimero.com.ar\/archivo\/wp-json\/wp\/v2\/categories?post=637"},{"taxonomy":"post_tag","embeddable":true,"href":"https:\/\/morenoprimero.com.ar\/archivo\/wp-json\/wp\/v2\/tags?post=637"}],"curies":[{"name":"wp","href":"https:\/\/api.w.org\/{rel}","templated":true}]}}