{"id":6282,"date":"2020-12-04T17:14:42","date_gmt":"2020-12-04T17:14:42","guid":{"rendered":"https:\/\/morenoprimero.com.ar\/?p=6282"},"modified":"2020-12-04T17:14:42","modified_gmt":"2020-12-04T17:14:42","slug":"un-falcon-verde-desfilo-en-una-marcha-en-contra-del-aborto","status":"publish","type":"post","link":"https:\/\/morenoprimero.com.ar\/archivo\/un-falcon-verde-desfilo-en-una-marcha-en-contra-del-aborto\/","title":{"rendered":"UN FALC\u00d3N VERDE DESFIL\u00d3 EN UNA MARCHA EN CONTRA DEL ABORTO"},"content":{"rendered":"\n<h4 class=\"wp-block-heading\">La manifestaci\u00f3n fue realizada en rechazo del proyecto de Ley que propone legalizar el acceso a la Interrupci\u00f3n Voluntaria del Embarazo. El veh\u00edculo ten\u00eda en sus puertas el lema \u00abS\u00ed a la vida\u00bb.<\/h4>\n\n\n\n<figure class=\"wp-block-image size-large\"><img loading=\"lazy\" decoding=\"async\" width=\"650\" height=\"392\" src=\"https:\/\/morenoprimero.com.ar\/wp-content\/uploads\/2020\/12\/falcon-pro-vida.jpg\" alt=\"\" class=\"wp-image-6283\" srcset=\"https:\/\/morenoprimero.com.ar\/archivo\/wp-content\/uploads\/2020\/12\/falcon-pro-vida.jpg 650w, https:\/\/morenoprimero.com.ar\/archivo\/wp-content\/uploads\/2020\/12\/falcon-pro-vida-300x181.jpg 300w\" sizes=\"auto, (max-width: 650px) 100vw, 650px\" \/><\/figure>\n\n\n\n<p>En una manifestaci\u00f3n realizada en la ciudad de Tandil, en rechazo a la legalizaci\u00f3n de la Interrupci\u00f3n Voluntaria del Embarazo, desfil\u00f3 un<strong> falc\u00f3n verde<\/strong>, s\u00edmbolo de la<strong> \u00faltima dictadura c\u00edvico militar<\/strong>, con letras de cartulina pegadas a sus puertas que mencionaban el lema <strong>\u00abS\u00ed a la vida\u00bb y estaba adornado con globos y pa\u00f1uelos de color celeste<\/strong>.<\/p>\n\n\n\n<p>En Tandil, la marcha de los antiderechos recorri\u00f3 las calles c\u00e9ntricas de la ciudad: por ende, el Falcon desfil\u00f3 por la Plaza Independencia,&nbsp;<strong>donde se encuentra el monumento en homenaje a los 36 desaparecidos que tuvo la ciudad bonaerense<\/strong>.<\/p>\n\n\n\n<p>La respuesta en redes sociales fue concreta, <strong>\u201cNo es una contradicci\u00f3n. Es apolog\u00eda del odio, la violencia y el terrorismo de Estado.<\/strong>&nbsp;Es la reivindicaci\u00f3n del genocidio, la tortura, la violencia sexual, los partos inhumanos en los centros clandestinos, el robo de identidad de cientos de ni\u00f1os y ni\u00f1as reci\u00e9n nacidos\u201d, expres\u00f3 un comunicado difundido, a trav\u00e9s de Twitter, por la CTA Pcia de Buenos Aires.<\/p>\n\n\n\n<p>Fuente: P\u00e1gina 12.<\/p>\n\n\n\n<p><\/p>\n\n\n\n<p><\/p>\n\n\n\n<p><\/p>\n\n\n\n<p><\/p>\n\n\n\n<p><\/p>\n","protected":false},"excerpt":{"rendered":"<p>La manifestaci\u00f3n fue realizada en rechazo del proyecto de Ley que propone legalizar el acceso a la Interrupci\u00f3n Voluntaria del Embarazo. El veh\u00edculo ten\u00eda en sus puertas el lema \u00abS\u00ed a la vida\u00bb. En una manifestaci\u00f3n realizada en la ciudad &hellip; <a href=\"https:\/\/morenoprimero.com.ar\/archivo\/un-falcon-verde-desfilo-en-una-marcha-en-contra-del-aborto\/\">Sigue leyendo <span class=\"meta-nav\">&rarr;<\/span><\/a><\/p>\n","protected":false},"author":6,"featured_media":6283,"comment_status":"open","ping_status":"open","sticky":false,"template":"","format":"standard","meta":{"footnotes":""},"categories":[536,20],"tags":[1251,1254,1253,1252],"class_list":["post-6282","post","type-post","status-publish","format-standard","has-post-thumbnail","hentry","category-salud","category-sociedad","tag-falcon-verde","tag-manifestacion-2","tag-pro-vida","tag-ultima-dictadura-civico-militar"],"_links":{"self":[{"href":"https:\/\/morenoprimero.com.ar\/archivo\/wp-json\/wp\/v2\/posts\/6282","targetHints":{"allow":["GET"]}}],"collection":[{"href":"https:\/\/morenoprimero.com.ar\/archivo\/wp-json\/wp\/v2\/posts"}],"about":[{"href":"https:\/\/morenoprimero.com.ar\/archivo\/wp-json\/wp\/v2\/types\/post"}],"author":[{"embeddable":true,"href":"https:\/\/morenoprimero.com.ar\/archivo\/wp-json\/wp\/v2\/users\/6"}],"replies":[{"embeddable":true,"href":"https:\/\/morenoprimero.com.ar\/archivo\/wp-json\/wp\/v2\/comments?post=6282"}],"version-history":[{"count":2,"href":"https:\/\/morenoprimero.com.ar\/archivo\/wp-json\/wp\/v2\/posts\/6282\/revisions"}],"predecessor-version":[{"id":6324,"href":"https:\/\/morenoprimero.com.ar\/archivo\/wp-json\/wp\/v2\/posts\/6282\/revisions\/6324"}],"wp:featuredmedia":[{"embeddable":true,"href":"https:\/\/morenoprimero.com.ar\/archivo\/wp-json\/wp\/v2\/media\/6283"}],"wp:attachment":[{"href":"https:\/\/morenoprimero.com.ar\/archivo\/wp-json\/wp\/v2\/media?parent=6282"}],"wp:term":[{"taxonomy":"category","embeddable":true,"href":"https:\/\/morenoprimero.com.ar\/archivo\/wp-json\/wp\/v2\/categories?post=6282"},{"taxonomy":"post_tag","embeddable":true,"href":"https:\/\/morenoprimero.com.ar\/archivo\/wp-json\/wp\/v2\/tags?post=6282"}],"curies":[{"name":"wp","href":"https:\/\/api.w.org\/{rel}","templated":true}]}}