{"id":6258,"date":"2020-12-03T17:21:34","date_gmt":"2020-12-03T17:21:34","guid":{"rendered":"https:\/\/morenoprimero.com.ar\/?p=6258"},"modified":"2020-12-03T17:21:34","modified_gmt":"2020-12-03T17:21:34","slug":"conferencia-episcopal-argentina-sobre-el-aborto-toda-vida-vale-video","status":"publish","type":"post","link":"https:\/\/morenoprimero.com.ar\/archivo\/conferencia-episcopal-argentina-sobre-el-aborto-toda-vida-vale-video\/","title":{"rendered":"CONFERENCIA EPISCOPAL ARGENTINA SOBRE EL ABORTO: \u00abTODA VIDA VALE\u00bb (Video)"},"content":{"rendered":"\n<h4 class=\"wp-block-heading\">  Afirman que se debe \u201crespetar la vida de los vulnerables, indefensos y pobres dentro y fuera del vientre materno\u00bb<\/h4>\n\n\n\n<p>&nbsp;Este martes 1 de diciembre, las comisiones de Legislaci\u00f3n General; Legislaci\u00f3n Penal; Mujeres y Diversidad y Acci\u00f3n Social y Salud P\u00fablica&nbsp;comenzaron&nbsp;a&nbsp;<strong>debatir el proyecto de ley sobre regulaci\u00f3n del acceso a la interrupci\u00f3n voluntaria del embarazo.<\/strong>&nbsp;&nbsp;&nbsp;<\/p>\n\n\n\n<p>&nbsp; El debate en la c\u00e1mara baja cont\u00f3 con la exposici\u00f3n de funcionarios y funcionarias del Poder Ejecutivo a lo que se sum\u00f3 la intervenci\u00f3n de 20 oradores y&nbsp;oradoras ,&nbsp;diez a favor y 10 en contra de la propuesta.&nbsp;&nbsp;<\/p>\n\n\n\n<figure class=\"wp-block-image is-resized\"><img loading=\"lazy\" decoding=\"async\" src=\"http:\/\/www.aedros.org\/wp-content\/uploads\/2019\/07\/Andrea-Imbroglia.jpg\" alt=\"\" width=\"254\" height=\"287\"\/><figcaption>\u201cpor favor, cuiden la vida de todas las personas en todas sus dimensiones, no legalicen su eliminaci\u00f3n\u201d Andrea Imbroglia.<\/figcaption><\/figure>\n\n\n\n<p>&nbsp; <strong>Andrea&nbsp;Imbroglia<\/strong>&nbsp;fue la oradora que represent\u00f3 a la Conferencia Episcopal Argentina, el organismo rector de la Iglesia Cat\u00f3lica, quien coordina su trabajo con personas y comunidades pobres fundamentalmente con C\u00e1ritas, donde se desempe\u00f1a como <strong>Responsable de Relaciones Corporativas.<\/strong><\/p>\n\n\n\n<p>&nbsp; Andrea se\u00f1ala que habla por los millones de personas de barrios vulnerables que acompa\u00f1an los 32 mil voluntarios de C\u00e1ritas.&nbsp; Explica que <strong>\u201cnadie puede decirnos los que piensan o sienten porque nosotros si estamos ah\u00ed\u201d<\/strong>&nbsp;y,&nbsp;adem\u00e1s, <strong>\u201cquienes quieren arrogarse su representaci\u00f3n y dicen que las mujeres pobres quieren el aborto, o no las conocen o faltan a la verdad\u201d<\/strong>. Dicho esto, afirma que <strong>\u201cdesde dichos territorios, las mujeres piensan, sienten y miran el aborto como una gran crueldad\u201d<\/strong>.&nbsp;<\/p>\n\n\n\n<p>&nbsp; En ese sentido, apunt\u00f3 que \u201clegalizar el aborto implica ser, como poder legislativo y como patria, anti derechos de personas en situaci\u00f3n de pobreza. Porque la realidad humana que est\u00e1 esperando nacer en el vientre de las madres es indiscutidamente un ser humano.<strong>&nbsp;Invulnerable, sin voz, son vidas humanas, aunque tengan 1, 2, 14 o 20 semanas de gestaci\u00f3n. <\/strong>Son personas por naturaleza, por c\u00f3digo gen\u00e9tico y porque as\u00ed lo define la constituci\u00f3n\u201d.&nbsp;<\/p>\n\n\n\n<p>&nbsp; Hacia el final de su discurso se pregunta ret\u00f3ricamente: <strong>\u201c\u00bfCu\u00e1l ser\u00e1 el l\u00edmite moral si ahora se permite la eliminaci\u00f3n de algunas personas que molestan? \u00bfSe va a avanzar sobre m\u00e1s personas vulnerables, sobre personas ancianas, improductivas?\u201d&nbsp; <\/strong>y as\u00ed, pidi\u00f3 a los legisladores y legisladoras <strong>\u201cpor favor, cuiden la vida de todas las personas en todas sus dimensiones, no legalicen su eliminaci\u00f3n\u201d<\/strong> y aclar\u00f3, <strong>\u201ctoda vida vale, igual que la de nosotros, que pudimos nacer y estamos aqu\u00ed\u201d.&nbsp;<\/strong><\/p>\n\n\n\n<figure class=\"wp-block-embed-youtube wp-block-embed is-type-video is-provider-youtube wp-embed-aspect-16-9 wp-has-aspect-ratio\"><div class=\"wp-block-embed__wrapper\">\n<iframe loading=\"lazy\" title=\"CONFERENCIA EPISCOPAL ARGENTINA SOBRE EL ABORTO: &quot;TODA VIDA VALE&quot;\" width=\"584\" height=\"329\" src=\"https:\/\/www.youtube.com\/embed\/yE3keQna45A?feature=oembed\" frameborder=\"0\" allow=\"accelerometer; autoplay; clipboard-write; encrypted-media; gyroscope; picture-in-picture; web-share\" referrerpolicy=\"strict-origin-when-cross-origin\" allowfullscreen><\/iframe>\n<\/div><\/figure>\n","protected":false},"excerpt":{"rendered":"<p>Afirman que se debe \u201crespetar la vida de los vulnerables, indefensos y pobres dentro y fuera del vientre materno\u00bb &nbsp;Este martes 1 de diciembre, las comisiones de Legislaci\u00f3n General; Legislaci\u00f3n Penal; Mujeres y Diversidad y Acci\u00f3n Social y Salud P\u00fablica&nbsp;comenzaron&nbsp;a&nbsp;debatir &hellip; <a href=\"https:\/\/morenoprimero.com.ar\/archivo\/conferencia-episcopal-argentina-sobre-el-aborto-toda-vida-vale-video\/\">Sigue leyendo <span class=\"meta-nav\">&rarr;<\/span><\/a><\/p>\n","protected":false},"author":6,"featured_media":6260,"comment_status":"open","ping_status":"open","sticky":false,"template":"","format":"standard","meta":{"footnotes":""},"categories":[536,1],"tags":[799,1026,1028,798,1017,750,23],"class_list":["post-6258","post","type-post","status-publish","format-standard","has-post-thumbnail","hentry","category-salud","category-sin-categoria","tag-aborto-legal","tag-aborto-legal-2020","tag-aborto-legal-2020-en-argentina","tag-aborto-seguro","tag-aborto-seguro-legal-y-gratuito","tag-caritas-merlo-moreno","tag-salud"],"_links":{"self":[{"href":"https:\/\/morenoprimero.com.ar\/archivo\/wp-json\/wp\/v2\/posts\/6258","targetHints":{"allow":["GET"]}}],"collection":[{"href":"https:\/\/morenoprimero.com.ar\/archivo\/wp-json\/wp\/v2\/posts"}],"about":[{"href":"https:\/\/morenoprimero.com.ar\/archivo\/wp-json\/wp\/v2\/types\/post"}],"author":[{"embeddable":true,"href":"https:\/\/morenoprimero.com.ar\/archivo\/wp-json\/wp\/v2\/users\/6"}],"replies":[{"embeddable":true,"href":"https:\/\/morenoprimero.com.ar\/archivo\/wp-json\/wp\/v2\/comments?post=6258"}],"version-history":[{"count":4,"href":"https:\/\/morenoprimero.com.ar\/archivo\/wp-json\/wp\/v2\/posts\/6258\/revisions"}],"predecessor-version":[{"id":6276,"href":"https:\/\/morenoprimero.com.ar\/archivo\/wp-json\/wp\/v2\/posts\/6258\/revisions\/6276"}],"wp:featuredmedia":[{"embeddable":true,"href":"https:\/\/morenoprimero.com.ar\/archivo\/wp-json\/wp\/v2\/media\/6260"}],"wp:attachment":[{"href":"https:\/\/morenoprimero.com.ar\/archivo\/wp-json\/wp\/v2\/media?parent=6258"}],"wp:term":[{"taxonomy":"category","embeddable":true,"href":"https:\/\/morenoprimero.com.ar\/archivo\/wp-json\/wp\/v2\/categories?post=6258"},{"taxonomy":"post_tag","embeddable":true,"href":"https:\/\/morenoprimero.com.ar\/archivo\/wp-json\/wp\/v2\/tags?post=6258"}],"curies":[{"name":"wp","href":"https:\/\/api.w.org\/{rel}","templated":true}]}}