{"id":6248,"date":"2020-12-04T17:15:51","date_gmt":"2020-12-04T17:15:51","guid":{"rendered":"https:\/\/morenoprimero.com.ar\/?p=6248"},"modified":"2020-12-04T17:15:52","modified_gmt":"2020-12-04T17:15:52","slug":"los-contactos-de-un-caso-positivo-no-podran-permanecer-en-hoteles","status":"publish","type":"post","link":"https:\/\/morenoprimero.com.ar\/archivo\/los-contactos-de-un-caso-positivo-no-podran-permanecer-en-hoteles\/","title":{"rendered":"LOS CONTACTOS DE UN CASO POSITIVO NO PODR\u00c1N PERMANECER EN HOTELES"},"content":{"rendered":"\n<h4 class=\"wp-block-heading\">Los turistas que presenten s\u00edntomas durante el viaje o estad\u00eda, as\u00ed como su grupo familiar o contingente, deber\u00e1n regresar a sus lugares de residencia en 24 horas o permanecer en centros extrahospitalarios dispuestos por los municipios hasta completar el per\u00edodo de aislamiento.&nbsp;<\/h4>\n\n\n\n<p><strong>El gobierno bonaerense determin\u00f3 que los contactos de un caso positivo de coronavirus no podr\u00e1n permanecer en hoteles y alojamientos, en el marco de las disposiciones para la temporada tur\u00edstica.&nbsp;<br>&nbsp;<\/strong><br>As\u00ed lo&nbsp;explic\u00f3&nbsp;una resoluci\u00f3n de la jefatura de gabinete provincial publicada este mi\u00e9rcoles, que resolvi\u00f3 que&nbsp;\u00abante una persona que desarrolle s\u00edntomas compatibles con Covid-19 ya sea en viaje en un transporte interurbano o en su lugar de alojamiento, se deber\u00e1n adoptar medidas de prevenci\u00f3n\u00bb.&nbsp;<br>&nbsp;<br>Esas medidas consistir\u00e1n en el aislamiento preventivo hasta su atenci\u00f3n u orientaci\u00f3n por personal de salud y la provisi\u00f3n a la persona sintom\u00e1tica de un barbijo quir\u00fargico y elementos para la higiene respiratoria y de manos.&nbsp;<br>&nbsp;<br>Tambi\u00e9n, designar una persona para asistir al caso hasta su atenci\u00f3n, quien tambi\u00e9n deber\u00e1 estar provista con un barbijo quir\u00fargico. Comunicar a la l\u00ednea 148 o al prestador de salud del turista para su atenci\u00f3n y orientaci\u00f3n, es uno de los pasos prioritarios a seguir, de acuerdo con la resoluci\u00f3n.&nbsp;<br>&nbsp;<br>Para el caso de las personas que desarrollen s\u00edntomas durante un viaje, el conductor o acompa\u00f1ante deber\u00e1 comunicarse con la L\u00ednea 148 a los efectos de recibir las instrucciones tanto sobre el enfermo como sobre los acompa\u00f1antes.&nbsp;<br>&nbsp;<br>Respecto del aislamiento de personas clasificadas como<strong> casos sospechosos o confirmados posterior a la atenci\u00f3n m\u00e9dica u orientaci\u00f3n por personal de salud, el viajero deber\u00e1 realizar aislamiento hasta finalizar el per\u00edodo correspondiente en caso de confirmaci\u00f3n o hasta el descarte de la enfermedad.&nbsp;<\/strong><\/p>\n\n\n\n<p><strong>Si el turista se encuentra en condiciones cl\u00ednicas y cuenta con medios propios para trasladarse, deber\u00e1 regresar a su lugar de residencia habitual para completar el per\u00edodo de aislamiento. Para este traslado dispondr\u00e1 de un per\u00edodo de 24 horas para circular.<\/strong>&nbsp;<br>&nbsp;<br><strong>Si el turista no cuenta con los medios o no se encuentra en condiciones de retorno a su domicilio habitual, el Municipio deber\u00e1 alojarlo en centros de aislamiento extrahospitalarios hasta completar el per\u00edodo de aislamiento del&nbsp;grupo.<\/strong>De&nbsp;esta forma, queda establecido que esas personas no podr\u00e1n permanecer en hoteles y alojamientos.&nbsp;<br>&nbsp;<br>Las autoridades sanitarias locales deber\u00e1n garantizar que el caso se encuentre debidamente notificado especificando el domicilio habitual vinculado al caso y el sitio de alojamiento en el campo \u00c1mbito de Concurrencia dentro de los antecedentes epidemiol\u00f3gicos de la ficha del caso del SNVS.&nbsp;<br>&nbsp;<br>Respecto del manejo de contactos de un caso sospechoso o confirmado, se dispuso que los contactos deber\u00e1n realizar la cuarentena correspondiente hasta finalizar el per\u00edodo de 14 d\u00edas desde el \u00faltimo contacto en caso de confirmaci\u00f3n o hasta el descarte de la enfermedad.&nbsp;<br>&nbsp;<br><strong>Los turistas que resulten contacto estrecho de un caso (por ejemplo, grupo familiar o contingente) y cuentan con medios propios para trasladarse deber\u00e1n regresar a su lugar de residencia habitual para completar el per\u00edodo de aislamiento.&nbsp;<\/strong><\/p>\n\n\n\n<p>T\u00e9lam.<\/p>\n","protected":false},"excerpt":{"rendered":"<p>Los turistas que presenten s\u00edntomas durante el viaje o estad\u00eda, as\u00ed como su grupo familiar o contingente, deber\u00e1n regresar a sus lugares de residencia en 24 horas o permanecer en centros extrahospitalarios dispuestos por los municipios hasta completar el per\u00edodo &hellip; <a href=\"https:\/\/morenoprimero.com.ar\/archivo\/los-contactos-de-un-caso-positivo-no-podran-permanecer-en-hoteles\/\">Sigue leyendo <span class=\"meta-nav\">&rarr;<\/span><\/a><\/p>\n","protected":false},"author":6,"featured_media":6249,"comment_status":"open","ping_status":"open","sticky":false,"template":"","format":"standard","meta":{"footnotes":""},"categories":[536],"tags":[7,348,1232],"class_list":["post-6248","post","type-post","status-publish","format-standard","has-post-thumbnail","hentry","category-salud","tag-buenosaires","tag-protocolo-covid-19","tag-vacaciones"],"_links":{"self":[{"href":"https:\/\/morenoprimero.com.ar\/archivo\/wp-json\/wp\/v2\/posts\/6248","targetHints":{"allow":["GET"]}}],"collection":[{"href":"https:\/\/morenoprimero.com.ar\/archivo\/wp-json\/wp\/v2\/posts"}],"about":[{"href":"https:\/\/morenoprimero.com.ar\/archivo\/wp-json\/wp\/v2\/types\/post"}],"author":[{"embeddable":true,"href":"https:\/\/morenoprimero.com.ar\/archivo\/wp-json\/wp\/v2\/users\/6"}],"replies":[{"embeddable":true,"href":"https:\/\/morenoprimero.com.ar\/archivo\/wp-json\/wp\/v2\/comments?post=6248"}],"version-history":[{"count":2,"href":"https:\/\/morenoprimero.com.ar\/archivo\/wp-json\/wp\/v2\/posts\/6248\/revisions"}],"predecessor-version":[{"id":6326,"href":"https:\/\/morenoprimero.com.ar\/archivo\/wp-json\/wp\/v2\/posts\/6248\/revisions\/6326"}],"wp:featuredmedia":[{"embeddable":true,"href":"https:\/\/morenoprimero.com.ar\/archivo\/wp-json\/wp\/v2\/media\/6249"}],"wp:attachment":[{"href":"https:\/\/morenoprimero.com.ar\/archivo\/wp-json\/wp\/v2\/media?parent=6248"}],"wp:term":[{"taxonomy":"category","embeddable":true,"href":"https:\/\/morenoprimero.com.ar\/archivo\/wp-json\/wp\/v2\/categories?post=6248"},{"taxonomy":"post_tag","embeddable":true,"href":"https:\/\/morenoprimero.com.ar\/archivo\/wp-json\/wp\/v2\/tags?post=6248"}],"curies":[{"name":"wp","href":"https:\/\/api.w.org\/{rel}","templated":true}]}}