{"id":6170,"date":"2020-12-02T12:11:33","date_gmt":"2020-12-02T12:11:33","guid":{"rendered":"https:\/\/morenoprimero.com.ar\/?p=6170"},"modified":"2020-12-02T12:11:33","modified_gmt":"2020-12-02T12:11:33","slug":"moreno-35-nuevos-contagios-de-coronavirus","status":"publish","type":"post","link":"https:\/\/morenoprimero.com.ar\/archivo\/moreno-35-nuevos-contagios-de-coronavirus\/","title":{"rendered":"MORENO: 35 NUEVOS CONTAGIOS DE CORONAVIRUS"},"content":{"rendered":"\n<h4 class=\"wp-block-heading\"> La curva de contagios desciende de forma intermitente. A lo largo de diciembre y antes de las fiestas, podr\u00eda encontrarse por debajo de los 200 casos cada cinco d\u00edas.<\/h4>\n\n\n\n<p>Al d\u00eda 30 de noviembre, en el Municipio de Moreno, hay&nbsp;<strong>35<\/strong>&nbsp;nuevos casos confirmados,&nbsp;<strong>31<\/strong>&nbsp;personas recuperadas y&nbsp;<strong>3&nbsp;<\/strong>defunciones. En total, suman&nbsp;<strong>20412<\/strong>&nbsp;casos confirmados,<strong>&nbsp;2312<\/strong>&nbsp;casos sospechosos y<strong>&nbsp;26642<\/strong>&nbsp;casos descartados.&nbsp;&nbsp;<\/p>\n\n\n\n<p>De los casos positivos hay<strong>&nbsp;711<\/strong>&nbsp;activos que cumplen con las medidas de aislamiento obligatorio hospitalarias y domiciliarias,<strong>&nbsp;19113<\/strong>&nbsp;personas recuperadas a quienes se les realizaron los hisopados correspondientes que certificaron la ausencia del virus y han acontecido<strong>&nbsp;588&nbsp;<\/strong>decesos.&nbsp;&nbsp;<\/p>\n\n\n\n<p>Las dos defunciones que se suman corresponden a un hombre de 76 a\u00f1os y dos mujeres de 54 y 70 a\u00f1os.&nbsp;<\/p>\n\n\n\n<figure class=\"wp-block-image size-large\"><img loading=\"lazy\" decoding=\"async\" width=\"879\" height=\"493\" src=\"https:\/\/morenoprimero.com.ar\/wp-content\/uploads\/2020\/12\/112-1.jpg\" alt=\"\" class=\"wp-image-6171\" srcset=\"https:\/\/morenoprimero.com.ar\/archivo\/wp-content\/uploads\/2020\/12\/112-1.jpg 879w, https:\/\/morenoprimero.com.ar\/archivo\/wp-content\/uploads\/2020\/12\/112-1-300x168.jpg 300w, https:\/\/morenoprimero.com.ar\/archivo\/wp-content\/uploads\/2020\/12\/112-1-768x431.jpg 768w\" sizes=\"auto, (max-width: 879px) 100vw, 879px\" \/><\/figure>\n","protected":false},"excerpt":{"rendered":"<p>La curva de contagios desciende de forma intermitente. A lo largo de diciembre y antes de las fiestas, podr\u00eda encontrarse por debajo de los 200 casos cada cinco d\u00edas. Al d\u00eda 30 de noviembre, en el Municipio de Moreno, hay&nbsp;35&nbsp;nuevos &hellip; <a href=\"https:\/\/morenoprimero.com.ar\/archivo\/moreno-35-nuevos-contagios-de-coronavirus\/\">Sigue leyendo <span class=\"meta-nav\">&rarr;<\/span><\/a><\/p>\n","protected":false},"author":6,"featured_media":6172,"comment_status":"open","ping_status":"open","sticky":false,"template":"","format":"standard","meta":{"footnotes":""},"categories":[1],"tags":[26,702,94,6],"class_list":["post-6170","post","type-post","status-publish","format-standard","has-post-thumbnail","hentry","category-sin-categoria","tag-coronavirus","tag-coronavirus-en-moreno","tag-covid-19","tag-moreno"],"_links":{"self":[{"href":"https:\/\/morenoprimero.com.ar\/archivo\/wp-json\/wp\/v2\/posts\/6170","targetHints":{"allow":["GET"]}}],"collection":[{"href":"https:\/\/morenoprimero.com.ar\/archivo\/wp-json\/wp\/v2\/posts"}],"about":[{"href":"https:\/\/morenoprimero.com.ar\/archivo\/wp-json\/wp\/v2\/types\/post"}],"author":[{"embeddable":true,"href":"https:\/\/morenoprimero.com.ar\/archivo\/wp-json\/wp\/v2\/users\/6"}],"replies":[{"embeddable":true,"href":"https:\/\/morenoprimero.com.ar\/archivo\/wp-json\/wp\/v2\/comments?post=6170"}],"version-history":[{"count":2,"href":"https:\/\/morenoprimero.com.ar\/archivo\/wp-json\/wp\/v2\/posts\/6170\/revisions"}],"predecessor-version":[{"id":6176,"href":"https:\/\/morenoprimero.com.ar\/archivo\/wp-json\/wp\/v2\/posts\/6170\/revisions\/6176"}],"wp:featuredmedia":[{"embeddable":true,"href":"https:\/\/morenoprimero.com.ar\/archivo\/wp-json\/wp\/v2\/media\/6172"}],"wp:attachment":[{"href":"https:\/\/morenoprimero.com.ar\/archivo\/wp-json\/wp\/v2\/media?parent=6170"}],"wp:term":[{"taxonomy":"category","embeddable":true,"href":"https:\/\/morenoprimero.com.ar\/archivo\/wp-json\/wp\/v2\/categories?post=6170"},{"taxonomy":"post_tag","embeddable":true,"href":"https:\/\/morenoprimero.com.ar\/archivo\/wp-json\/wp\/v2\/tags?post=6170"}],"curies":[{"name":"wp","href":"https:\/\/api.w.org\/{rel}","templated":true}]}}