{"id":6107,"date":"2020-12-04T17:16:58","date_gmt":"2020-12-04T17:16:58","guid":{"rendered":"https:\/\/morenoprimero.com.ar\/?p=6107"},"modified":"2020-12-04T17:16:59","modified_gmt":"2020-12-04T17:16:59","slug":"este-7-de-diciembre-se-realizara-la-caravana-morenense-de-fe-esperanza-y-paz","status":"publish","type":"post","link":"https:\/\/morenoprimero.com.ar\/archivo\/este-7-de-diciembre-se-realizara-la-caravana-morenense-de-fe-esperanza-y-paz\/","title":{"rendered":"ESTE 7 DE DICIEMBRE SE REALIZAR\u00c1 LA CARAVANA MORENENSE DE F\u00c9, ESPERANZA Y PAZ"},"content":{"rendered":"\n<h4 class=\"wp-block-heading\">Bajo el lema \u00abTodos orando por Moreno\u00bb se realizar\u00e1 una columna en la Ruta 25, Alfonsina Storni. <\/h4>\n\n\n\n<figure class=\"wp-block-image size-large is-resized\"><img loading=\"lazy\" decoding=\"async\" src=\"https:\/\/morenoprimero.com.ar\/wp-content\/uploads\/2020\/12\/WhatsApp-Image-2020-12-01-at-11.22.31.jpeg\" alt=\"\" class=\"wp-image-6108\" width=\"589\" height=\"594\" srcset=\"https:\/\/morenoprimero.com.ar\/archivo\/wp-content\/uploads\/2020\/12\/WhatsApp-Image-2020-12-01-at-11.22.31.jpeg 453w, https:\/\/morenoprimero.com.ar\/archivo\/wp-content\/uploads\/2020\/12\/WhatsApp-Image-2020-12-01-at-11.22.31-297x300.jpeg 297w, https:\/\/morenoprimero.com.ar\/archivo\/wp-content\/uploads\/2020\/12\/WhatsApp-Image-2020-12-01-at-11.22.31-150x150.jpeg 150w\" sizes=\"auto, (max-width: 589px) 100vw, 589px\" \/><\/figure>\n\n\n\n<p>El lunes 7 de diciembre <strong>se realizar\u00e1 la caravana de f\u00e9, esperanza y paz en Moreno<\/strong> en el marco de las v\u00edsperas de la Inmaculada Concepci\u00f3n. <\/p>\n\n\n\n<p>Para participar se deber\u00e1 registrar previamente enviando un mensaje al<strong> 11 59984356 \u00f3 al 1166659807.<\/strong><\/p>\n\n\n\n<p>La convocatoria a la caravana es organizada por <strong>Pastores Unidos de Moreno y el Consejo Pastoral USCA.<\/strong><\/p>\n\n\n\n<p><\/p>\n","protected":false},"excerpt":{"rendered":"<p>Bajo el lema \u00abTodos orando por Moreno\u00bb se realizar\u00e1 una columna en la Ruta 25, Alfonsina Storni. El lunes 7 de diciembre se realizar\u00e1 la caravana de f\u00e9, esperanza y paz en Moreno en el marco de las v\u00edsperas de &hellip; <a href=\"https:\/\/morenoprimero.com.ar\/archivo\/este-7-de-diciembre-se-realizara-la-caravana-morenense-de-fe-esperanza-y-paz\/\">Sigue leyendo <span class=\"meta-nav\">&rarr;<\/span><\/a><\/p>\n","protected":false},"author":6,"featured_media":6108,"comment_status":"open","ping_status":"open","sticky":false,"template":"","format":"standard","meta":{"footnotes":""},"categories":[21,20],"tags":[1217,6],"class_list":["post-6107","post","type-post","status-publish","format-standard","has-post-thumbnail","hentry","category-interes-general","category-sociedad","tag-caravana","tag-moreno"],"_links":{"self":[{"href":"https:\/\/morenoprimero.com.ar\/archivo\/wp-json\/wp\/v2\/posts\/6107","targetHints":{"allow":["GET"]}}],"collection":[{"href":"https:\/\/morenoprimero.com.ar\/archivo\/wp-json\/wp\/v2\/posts"}],"about":[{"href":"https:\/\/morenoprimero.com.ar\/archivo\/wp-json\/wp\/v2\/types\/post"}],"author":[{"embeddable":true,"href":"https:\/\/morenoprimero.com.ar\/archivo\/wp-json\/wp\/v2\/users\/6"}],"replies":[{"embeddable":true,"href":"https:\/\/morenoprimero.com.ar\/archivo\/wp-json\/wp\/v2\/comments?post=6107"}],"version-history":[{"count":1,"href":"https:\/\/morenoprimero.com.ar\/archivo\/wp-json\/wp\/v2\/posts\/6107\/revisions"}],"predecessor-version":[{"id":6109,"href":"https:\/\/morenoprimero.com.ar\/archivo\/wp-json\/wp\/v2\/posts\/6107\/revisions\/6109"}],"wp:featuredmedia":[{"embeddable":true,"href":"https:\/\/morenoprimero.com.ar\/archivo\/wp-json\/wp\/v2\/media\/6108"}],"wp:attachment":[{"href":"https:\/\/morenoprimero.com.ar\/archivo\/wp-json\/wp\/v2\/media?parent=6107"}],"wp:term":[{"taxonomy":"category","embeddable":true,"href":"https:\/\/morenoprimero.com.ar\/archivo\/wp-json\/wp\/v2\/categories?post=6107"},{"taxonomy":"post_tag","embeddable":true,"href":"https:\/\/morenoprimero.com.ar\/archivo\/wp-json\/wp\/v2\/tags?post=6107"}],"curies":[{"name":"wp","href":"https:\/\/api.w.org\/{rel}","templated":true}]}}