{"id":5997,"date":"2020-11-27T17:58:25","date_gmt":"2020-11-27T17:58:25","guid":{"rendered":"https:\/\/morenoprimero.com.ar\/?p=5997"},"modified":"2020-11-27T17:58:25","modified_gmt":"2020-11-27T17:58:25","slug":"este-jueves-no-hubo-sesion-ordinaria-en-el-hcd","status":"publish","type":"post","link":"https:\/\/morenoprimero.com.ar\/archivo\/este-jueves-no-hubo-sesion-ordinaria-en-el-hcd\/","title":{"rendered":"ESTE JUEVES NO HUBO SESI\u00d3N ORDINARIA EN EL HCD"},"content":{"rendered":"\n<h4 class=\"wp-block-heading\">Con lo concejales presentes se firm\u00f3 el acta que traslada la sesi\u00f3n al pr\u00f3ximo lunes.<\/h4>\n\n\n\n<p>El d\u00eda jueves 26 de noviembre, un d\u00eda despu\u00e9s del fallecimiento de Diego Armando Maradona, los concejales y las concejalas&nbsp;morenenses&nbsp;llevar\u00edan a cabo una nueva Sesi\u00f3n Ordinaria del Honorable Concejo Deliberante.&nbsp;<\/p>\n\n\n\n<p>&nbsp; Debido al decreto presidencial que establece tres d\u00edas de duelo debido al fallecimiento del \u00eddolo popular,<strong> se firm\u00f3 el acta correspondiente con los concejales presentes para trasladar la Sesi\u00f3n Ordinaria al d\u00eda lunes 30 de noviembre, a las 14:00 Hs.&nbsp;<\/strong><\/p>\n\n\n\n<figure class=\"wp-block-image size-large\"><img loading=\"lazy\" decoding=\"async\" width=\"768\" height=\"1024\" src=\"https:\/\/morenoprimero.com.ar\/wp-content\/uploads\/2020\/11\/ACTA-HCD-768x1024.jpg\" alt=\"\" class=\"wp-image-6001\" srcset=\"https:\/\/morenoprimero.com.ar\/archivo\/wp-content\/uploads\/2020\/11\/ACTA-HCD-768x1024.jpg 768w, https:\/\/morenoprimero.com.ar\/archivo\/wp-content\/uploads\/2020\/11\/ACTA-HCD-225x300.jpg 225w, https:\/\/morenoprimero.com.ar\/archivo\/wp-content\/uploads\/2020\/11\/ACTA-HCD.jpg 780w\" sizes=\"auto, (max-width: 768px) 100vw, 768px\" \/><\/figure>\n","protected":false},"excerpt":{"rendered":"<p>Con lo concejales presentes se firm\u00f3 el acta que traslada la sesi\u00f3n al pr\u00f3ximo lunes. El d\u00eda jueves 26 de noviembre, un d\u00eda despu\u00e9s del fallecimiento de Diego Armando Maradona, los concejales y las concejalas&nbsp;morenenses&nbsp;llevar\u00edan a cabo una nueva Sesi\u00f3n &hellip; <a href=\"https:\/\/morenoprimero.com.ar\/archivo\/este-jueves-no-hubo-sesion-ordinaria-en-el-hcd\/\">Sigue leyendo <span class=\"meta-nav\">&rarr;<\/span><\/a><\/p>\n","protected":false},"author":6,"featured_media":6000,"comment_status":"open","ping_status":"open","sticky":false,"template":"","format":"standard","meta":{"footnotes":""},"categories":[21,27],"tags":[1199,1180,120,6],"class_list":["post-5997","post","type-post","status-publish","format-standard","has-post-thumbnail","hentry","category-interes-general","category-politica","tag-decreto","tag-diego-armando-maradona","tag-hcd-moreno","tag-moreno"],"_links":{"self":[{"href":"https:\/\/morenoprimero.com.ar\/archivo\/wp-json\/wp\/v2\/posts\/5997","targetHints":{"allow":["GET"]}}],"collection":[{"href":"https:\/\/morenoprimero.com.ar\/archivo\/wp-json\/wp\/v2\/posts"}],"about":[{"href":"https:\/\/morenoprimero.com.ar\/archivo\/wp-json\/wp\/v2\/types\/post"}],"author":[{"embeddable":true,"href":"https:\/\/morenoprimero.com.ar\/archivo\/wp-json\/wp\/v2\/users\/6"}],"replies":[{"embeddable":true,"href":"https:\/\/morenoprimero.com.ar\/archivo\/wp-json\/wp\/v2\/comments?post=5997"}],"version-history":[{"count":2,"href":"https:\/\/morenoprimero.com.ar\/archivo\/wp-json\/wp\/v2\/posts\/5997\/revisions"}],"predecessor-version":[{"id":6016,"href":"https:\/\/morenoprimero.com.ar\/archivo\/wp-json\/wp\/v2\/posts\/5997\/revisions\/6016"}],"wp:featuredmedia":[{"embeddable":true,"href":"https:\/\/morenoprimero.com.ar\/archivo\/wp-json\/wp\/v2\/media\/6000"}],"wp:attachment":[{"href":"https:\/\/morenoprimero.com.ar\/archivo\/wp-json\/wp\/v2\/media?parent=5997"}],"wp:term":[{"taxonomy":"category","embeddable":true,"href":"https:\/\/morenoprimero.com.ar\/archivo\/wp-json\/wp\/v2\/categories?post=5997"},{"taxonomy":"post_tag","embeddable":true,"href":"https:\/\/morenoprimero.com.ar\/archivo\/wp-json\/wp\/v2\/tags?post=5997"}],"curies":[{"name":"wp","href":"https:\/\/api.w.org\/{rel}","templated":true}]}}