{"id":5878,"date":"2020-11-25T16:57:48","date_gmt":"2020-11-25T16:57:48","guid":{"rendered":"https:\/\/morenoprimero.com.ar\/?p=5878"},"modified":"2020-11-25T16:57:48","modified_gmt":"2020-11-25T16:57:48","slug":"conmocion-en-el-mundo-fallecio-diego-armando-maradona","status":"publish","type":"post","link":"https:\/\/morenoprimero.com.ar\/archivo\/conmocion-en-el-mundo-fallecio-diego-armando-maradona\/","title":{"rendered":"CONMOCI\u00d3N EN EL MUNDO: FALLECI\u00d3 DIEGO ARMANDO MARADONA"},"content":{"rendered":"\n<h4 class=\"wp-block-heading\">Silencio mundial por el fallecimiento de Maradona. Silencio argentino, por quien defendi\u00f3 la camiseta albiceleste como nadie.&nbsp;<\/h4>\n\n\n\n<p>&nbsp; Diego Armando Maradona se descompens\u00f3 esta ma\u00f1ana de mi\u00e9rcoles en la casa del barrio San Andr\u00e9s, en el partido bonaerense de Tigre.&nbsp;&nbsp;<\/p>\n\n\n\n<p>&nbsp; All\u00ed viv\u00eda desde hac\u00eda algunos d\u00edas luego de haber sido operado en la cabeza.&nbsp;&nbsp;<\/p>\n\n\n\n<p>&nbsp; <strong>A menos de un mes de haber cumplido 60 a\u00f1os, falleci\u00f3 de un paro cardiorrespiratorio.&nbsp;&nbsp;<\/strong><\/p>\n\n\n\n<p><strong>&nbsp; &nbsp;El Gobierno Nacional decret\u00f3 tres d\u00edas de duelo nacional.<\/strong>&nbsp;<\/p>\n","protected":false},"excerpt":{"rendered":"<p>Silencio mundial por el fallecimiento de Maradona. Silencio argentino, por quien defendi\u00f3 la camiseta albiceleste como nadie.&nbsp; &nbsp; Diego Armando Maradona se descompens\u00f3 esta ma\u00f1ana de mi\u00e9rcoles en la casa del barrio San Andr\u00e9s, en el partido bonaerense de Tigre.&nbsp;&nbsp; &hellip; <a href=\"https:\/\/morenoprimero.com.ar\/archivo\/conmocion-en-el-mundo-fallecio-diego-armando-maradona\/\">Sigue leyendo <span class=\"meta-nav\">&rarr;<\/span><\/a><\/p>\n","protected":false},"author":6,"featured_media":5879,"comment_status":"open","ping_status":"open","sticky":false,"template":"","format":"standard","meta":{"footnotes":""},"categories":[21,20],"tags":[742,1180,1181,603],"class_list":["post-5878","post","type-post","status-publish","format-standard","has-post-thumbnail","hentry","category-interes-general","category-sociedad","tag-argentina","tag-diego-armando-maradona","tag-duelo","tag-gobierno-nacional"],"_links":{"self":[{"href":"https:\/\/morenoprimero.com.ar\/archivo\/wp-json\/wp\/v2\/posts\/5878","targetHints":{"allow":["GET"]}}],"collection":[{"href":"https:\/\/morenoprimero.com.ar\/archivo\/wp-json\/wp\/v2\/posts"}],"about":[{"href":"https:\/\/morenoprimero.com.ar\/archivo\/wp-json\/wp\/v2\/types\/post"}],"author":[{"embeddable":true,"href":"https:\/\/morenoprimero.com.ar\/archivo\/wp-json\/wp\/v2\/users\/6"}],"replies":[{"embeddable":true,"href":"https:\/\/morenoprimero.com.ar\/archivo\/wp-json\/wp\/v2\/comments?post=5878"}],"version-history":[{"count":2,"href":"https:\/\/morenoprimero.com.ar\/archivo\/wp-json\/wp\/v2\/posts\/5878\/revisions"}],"predecessor-version":[{"id":5882,"href":"https:\/\/morenoprimero.com.ar\/archivo\/wp-json\/wp\/v2\/posts\/5878\/revisions\/5882"}],"wp:featuredmedia":[{"embeddable":true,"href":"https:\/\/morenoprimero.com.ar\/archivo\/wp-json\/wp\/v2\/media\/5879"}],"wp:attachment":[{"href":"https:\/\/morenoprimero.com.ar\/archivo\/wp-json\/wp\/v2\/media?parent=5878"}],"wp:term":[{"taxonomy":"category","embeddable":true,"href":"https:\/\/morenoprimero.com.ar\/archivo\/wp-json\/wp\/v2\/categories?post=5878"},{"taxonomy":"post_tag","embeddable":true,"href":"https:\/\/morenoprimero.com.ar\/archivo\/wp-json\/wp\/v2\/tags?post=5878"}],"curies":[{"name":"wp","href":"https:\/\/api.w.org\/{rel}","templated":true}]}}