{"id":5867,"date":"2020-11-25T16:58:06","date_gmt":"2020-11-25T16:58:06","guid":{"rendered":"https:\/\/morenoprimero.com.ar\/?p=5867"},"modified":"2020-11-25T16:58:07","modified_gmt":"2020-11-25T16:58:07","slug":"la-provincia-recupero-24-ambulancias-abandonadas-por-la-gestion-anterior","status":"publish","type":"post","link":"https:\/\/morenoprimero.com.ar\/archivo\/la-provincia-recupero-24-ambulancias-abandonadas-por-la-gestion-anterior\/","title":{"rendered":"LA PROVINCIA RECUPER\u00d3 24 AMBULANCIAS ABANDONADAS POR LA GESTI\u00d3N ANTERIOR"},"content":{"rendered":"\n<h4 class=\"wp-block-heading\"><strong>Los m\u00f3viles en desuso estaban en dep\u00f3sitos del ministerio de Salud y fueron puestos en funcionamiento para garantizar los traslados en un contexto&nbsp;clave por el COVID-19.<\/strong><\/h4>\n\n\n\n<figure class=\"wp-block-image size-large\"><img loading=\"lazy\" decoding=\"async\" width=\"700\" height=\"466\" src=\"https:\/\/morenoprimero.com.ar\/wp-content\/uploads\/2020\/11\/ambulancias-recuperadas.jpeg\" alt=\"\" class=\"wp-image-5868\" srcset=\"https:\/\/morenoprimero.com.ar\/archivo\/wp-content\/uploads\/2020\/11\/ambulancias-recuperadas.jpeg 700w, https:\/\/morenoprimero.com.ar\/archivo\/wp-content\/uploads\/2020\/11\/ambulancias-recuperadas-300x200.jpeg 300w\" sizes=\"auto, (max-width: 700px) 100vw, 700px\" \/><\/figure>\n\n\n\n<p>Al comenzar la gesti\u00f3n, el <strong>Ministerio de Salud<\/strong> recibi\u00f3 una deuda impaga por la compra de 50 ambulancias, de las cuales 24 nunca fueron entregadas a <strong>Regiones Sanitarias<\/strong> (RS) ni a los hospitales. Estos veh\u00edculos, que en el mercado cuestan casi 200 millones de pesos, fueron reacondicionados y puestos a disposici\u00f3n de la estrategia para enfrentar la pandemia por COVID-19, gracias a una inversi\u00f3n de 1.700.000 pesos de la Provincia.<\/p>\n\n\n\n<p>De esta manera, finalmente la cartera sanitaria provincial pudo entregar las ambulancias a las Regiones Sanitarias: la XII recibi\u00f3 3 m\u00f3viles, las RS XI, X, VII, VI, V, IV, III, II obtuvieron 2 veh\u00edculos y, por \u00faltimo, las regiones IX, VIII, y I dispusieron de una ambulancia nueva para incorporar a su flota. S\u00f3lo restan 2 que est\u00e1n en el concesionario por fallas de f\u00e1brica.<\/p>\n\n\n\n<p>Los veh\u00edculos<strong> Fiat Ducato Maxicargo 2.8 modelo 2017 f<\/strong>ueron adquiridos por el gobierno anterior y estaban en desuso en los dep\u00f3sitos de los hospitales El Dique de Ensenada y San Mart\u00edn de La Plata. <strong>Hab\u00eda 19 que directamente no arrancaban, por el deterioro del motor, y todas estaban da\u00f1adas por el paso del tiempo y la exposici\u00f3n al aire libre. Otras 20 ten\u00edan s\u00f3lo el kilometraje que se les hizo cuando las trajeron de las concesionarias y 4 estaban con un uso m\u00ednimo y rotas.<\/strong><\/p>\n\n\n\n<p>Fuente: gba.gob.ar <\/p>\n\n\n\n<p><\/p>\n\n\n\n<p><\/p>\n","protected":false},"excerpt":{"rendered":"<p>Los m\u00f3viles en desuso estaban en dep\u00f3sitos del ministerio de Salud y fueron puestos en funcionamiento para garantizar los traslados en un contexto&nbsp;clave por el COVID-19. Al comenzar la gesti\u00f3n, el Ministerio de Salud recibi\u00f3 una deuda impaga por la &hellip; <a href=\"https:\/\/morenoprimero.com.ar\/archivo\/la-provincia-recupero-24-ambulancias-abandonadas-por-la-gestion-anterior\/\">Sigue leyendo <span class=\"meta-nav\">&rarr;<\/span><\/a><\/p>\n","protected":false},"author":6,"featured_media":5873,"comment_status":"open","ping_status":"open","sticky":false,"template":"","format":"standard","meta":{"footnotes":""},"categories":[926,536,20],"tags":[1179,60],"class_list":["post-5867","post","type-post","status-publish","format-standard","has-post-thumbnail","hentry","category-economia","category-salud","category-sociedad","tag-24-ambulancias-recuperadas","tag-provincia-de-buenos-aires"],"_links":{"self":[{"href":"https:\/\/morenoprimero.com.ar\/archivo\/wp-json\/wp\/v2\/posts\/5867","targetHints":{"allow":["GET"]}}],"collection":[{"href":"https:\/\/morenoprimero.com.ar\/archivo\/wp-json\/wp\/v2\/posts"}],"about":[{"href":"https:\/\/morenoprimero.com.ar\/archivo\/wp-json\/wp\/v2\/types\/post"}],"author":[{"embeddable":true,"href":"https:\/\/morenoprimero.com.ar\/archivo\/wp-json\/wp\/v2\/users\/6"}],"replies":[{"embeddable":true,"href":"https:\/\/morenoprimero.com.ar\/archivo\/wp-json\/wp\/v2\/comments?post=5867"}],"version-history":[{"count":3,"href":"https:\/\/morenoprimero.com.ar\/archivo\/wp-json\/wp\/v2\/posts\/5867\/revisions"}],"predecessor-version":[{"id":5883,"href":"https:\/\/morenoprimero.com.ar\/archivo\/wp-json\/wp\/v2\/posts\/5867\/revisions\/5883"}],"wp:featuredmedia":[{"embeddable":true,"href":"https:\/\/morenoprimero.com.ar\/archivo\/wp-json\/wp\/v2\/media\/5873"}],"wp:attachment":[{"href":"https:\/\/morenoprimero.com.ar\/archivo\/wp-json\/wp\/v2\/media?parent=5867"}],"wp:term":[{"taxonomy":"category","embeddable":true,"href":"https:\/\/morenoprimero.com.ar\/archivo\/wp-json\/wp\/v2\/categories?post=5867"},{"taxonomy":"post_tag","embeddable":true,"href":"https:\/\/morenoprimero.com.ar\/archivo\/wp-json\/wp\/v2\/tags?post=5867"}],"curies":[{"name":"wp","href":"https:\/\/api.w.org\/{rel}","templated":true}]}}