{"id":5845,"date":"2020-11-25T14:55:00","date_gmt":"2020-11-25T14:55:00","guid":{"rendered":"https:\/\/morenoprimero.com.ar\/?p=5845"},"modified":"2020-11-25T14:55:00","modified_gmt":"2020-11-25T14:55:00","slug":"por-que-se-conmemora-el-dia-internacional-de-la-eliminacion-de-las-violencias-contra-las-mujeres","status":"publish","type":"post","link":"https:\/\/morenoprimero.com.ar\/archivo\/por-que-se-conmemora-el-dia-internacional-de-la-eliminacion-de-las-violencias-contra-las-mujeres\/","title":{"rendered":"POR QU\u00c9 SE CONMEMORA EL D\u00cdA INTERNACIONAL DE LA ELIMINACI\u00d3N DE LAS VIOLENCIAS CONTRA LAS MUJERES"},"content":{"rendered":"\n<h4 class=\"wp-block-heading\">Un 25 de noviembre, pero de 1960, tres hermanas de Rep\u00fablica Dominicana fueron asesinadas por oponerse al r\u00e9gimen federal de Rafael Trujillo, defender la libertad y combatir las injusticias del mundo.<\/h4>\n\n\n\n<figure class=\"wp-block-image size-large is-resized\"><img loading=\"lazy\" decoding=\"async\" src=\"https:\/\/morenoprimero.com.ar\/wp-content\/uploads\/2020\/11\/hermanas-mirabal.jpg\" alt=\"\" class=\"wp-image-5846\" width=\"567\" height=\"319\" srcset=\"https:\/\/morenoprimero.com.ar\/archivo\/wp-content\/uploads\/2020\/11\/hermanas-mirabal.jpg 500w, https:\/\/morenoprimero.com.ar\/archivo\/wp-content\/uploads\/2020\/11\/hermanas-mirabal-300x169.jpg 300w\" sizes=\"auto, (max-width: 567px) 100vw, 567px\" \/><\/figure>\n\n\n\n<p><strong>Mar\u00eda Teresa, Patria y Minerva Mirabal<\/strong> eran tres mujeres que se propon\u00edan combatir las injusticias de este mundo, eran conocidas como <strong>\u00ablas mariposas\u00bb<\/strong> y se convirtieron en un s\u00edmbolo de la lucha contra las violencias de g\u00e9nero en este mundo.<\/p>\n\n\n\n<p>En 1981, en el <strong>primer encuentro feminista de Latinoam\u00e9rica y el Caribe<\/strong>, decidieron reconocer este d\u00eda en su memoria. En el a\u00f1o 2000, la <strong>Asamblea General de Naciones Unidas<\/strong> lo declar\u00f3 \u201cD\u00eda Internacional de la Eliminaci\u00f3n de la Violencia contra la Mujer\u201d, para promover en todo el mundo reflexiones, propuestas y acciones que permitan revertirlas.<\/p>\n\n\n\n<p> Actualmente los movimientos de mujeres y LGBTI+ de Latinoam\u00e9rica contin\u00faan siendo la fuerza que d\u00eda a d\u00eda conquista derechos, ocupa las calles y alza las voces por todas aquellas mujeres que hoy no est\u00e1n, para que todos y todas puedan tener proyectos de vida libres de violencias.<\/p>\n\n\n\n<p>Fuente: Ministerio de Mujeres, g\u00e9neros y diversidad.<\/p>\n\n\n\n<p>&nbsp;<\/p>\n\n\n\n<p><\/p>\n\n\n\n<p><\/p>\n","protected":false},"excerpt":{"rendered":"<p>Un 25 de noviembre, pero de 1960, tres hermanas de Rep\u00fablica Dominicana fueron asesinadas por oponerse al r\u00e9gimen federal de Rafael Trujillo, defender la libertad y combatir las injusticias del mundo. Mar\u00eda Teresa, Patria y Minerva Mirabal eran tres mujeres &hellip; <a href=\"https:\/\/morenoprimero.com.ar\/archivo\/por-que-se-conmemora-el-dia-internacional-de-la-eliminacion-de-las-violencias-contra-las-mujeres\/\">Sigue leyendo <span class=\"meta-nav\">&rarr;<\/span><\/a><\/p>\n","protected":false},"author":6,"featured_media":5847,"comment_status":"open","ping_status":"open","sticky":false,"template":"","format":"standard","meta":{"footnotes":""},"categories":[20],"tags":[1175],"class_list":["post-5845","post","type-post","status-publish","format-standard","has-post-thumbnail","hentry","category-sociedad","tag-dia-internacional-de-la-eliminacion-de-las-violencias-hacia-las-mujeres"],"_links":{"self":[{"href":"https:\/\/morenoprimero.com.ar\/archivo\/wp-json\/wp\/v2\/posts\/5845","targetHints":{"allow":["GET"]}}],"collection":[{"href":"https:\/\/morenoprimero.com.ar\/archivo\/wp-json\/wp\/v2\/posts"}],"about":[{"href":"https:\/\/morenoprimero.com.ar\/archivo\/wp-json\/wp\/v2\/types\/post"}],"author":[{"embeddable":true,"href":"https:\/\/morenoprimero.com.ar\/archivo\/wp-json\/wp\/v2\/users\/6"}],"replies":[{"embeddable":true,"href":"https:\/\/morenoprimero.com.ar\/archivo\/wp-json\/wp\/v2\/comments?post=5845"}],"version-history":[{"count":2,"href":"https:\/\/morenoprimero.com.ar\/archivo\/wp-json\/wp\/v2\/posts\/5845\/revisions"}],"predecessor-version":[{"id":5863,"href":"https:\/\/morenoprimero.com.ar\/archivo\/wp-json\/wp\/v2\/posts\/5845\/revisions\/5863"}],"wp:featuredmedia":[{"embeddable":true,"href":"https:\/\/morenoprimero.com.ar\/archivo\/wp-json\/wp\/v2\/media\/5847"}],"wp:attachment":[{"href":"https:\/\/morenoprimero.com.ar\/archivo\/wp-json\/wp\/v2\/media?parent=5845"}],"wp:term":[{"taxonomy":"category","embeddable":true,"href":"https:\/\/morenoprimero.com.ar\/archivo\/wp-json\/wp\/v2\/categories?post=5845"},{"taxonomy":"post_tag","embeddable":true,"href":"https:\/\/morenoprimero.com.ar\/archivo\/wp-json\/wp\/v2\/tags?post=5845"}],"curies":[{"name":"wp","href":"https:\/\/api.w.org\/{rel}","templated":true}]}}