{"id":5836,"date":"2020-11-25T11:25:16","date_gmt":"2020-11-25T11:25:16","guid":{"rendered":"https:\/\/morenoprimero.com.ar\/?p=5836"},"modified":"2020-11-25T11:41:18","modified_gmt":"2020-11-25T11:41:18","slug":"moreno-20067-casos-confirmados-de-covid-19","status":"publish","type":"post","link":"https:\/\/morenoprimero.com.ar\/archivo\/moreno-20067-casos-confirmados-de-covid-19\/","title":{"rendered":"MORENO: 20067 CASOS CONFIRMADOS DE COVID-19"},"content":{"rendered":"\n<h4 class=\"wp-block-heading\">S\u00f3lo 16 contagios se confirmaron en el d\u00eda.&nbsp;&nbsp;&nbsp;<\/h4>\n\n\n\n<p>Al 24 de noviembre, en el Municipio de Moreno hay<strong>&nbsp;16<\/strong>&nbsp;nuevos casos confirmados,&nbsp;<strong>46<\/strong>&nbsp;personas recuperadas y&nbsp;<strong>5<\/strong>&nbsp;defunci\u00f3n. En total, suman&nbsp;<strong>20067<\/strong>&nbsp;casos confirmados,&nbsp;<strong>2198&nbsp;<\/strong>casos sospechosos,&nbsp;<strong>25551&nbsp;<\/strong>casos descartados y <strong>565<\/strong> defunciones.<\/p>\n\n\n\n<figure class=\"wp-block-image size-large\"><img loading=\"lazy\" decoding=\"async\" width=\"949\" height=\"154\" src=\"https:\/\/morenoprimero.com.ar\/wp-content\/uploads\/2020\/11\/covid-24.jpg\" alt=\"\" class=\"wp-image-5837\" srcset=\"https:\/\/morenoprimero.com.ar\/archivo\/wp-content\/uploads\/2020\/11\/covid-24.jpg 949w, https:\/\/morenoprimero.com.ar\/archivo\/wp-content\/uploads\/2020\/11\/covid-24-300x49.jpg 300w, https:\/\/morenoprimero.com.ar\/archivo\/wp-content\/uploads\/2020\/11\/covid-24-768x125.jpg 768w\" sizes=\"auto, (max-width: 949px) 100vw, 949px\" \/><\/figure>\n\n\n\n<p>De los casos positivos hay<strong>&nbsp;924<\/strong>&nbsp;activos que cumplen con las medidas de aislamiento obligatorio hospitalarias y domiciliarias.&nbsp;&nbsp;<\/p>\n\n\n\n<p>&nbsp; Se suma una defunci\u00f3n de un hombre de 76 a\u00f1os con antecedentes de hipertensi\u00f3n, obesidad, diabetes y tabaquismo.&nbsp;<\/p>\n\n\n\n<p>Se suman cinco nuevas defunciones: tres mujeres de 66, 82 y 85 a\u00f1os y dos hombres de 68 y 83 a\u00f1os<\/p>\n","protected":false},"excerpt":{"rendered":"<p>S\u00f3lo 16 contagios se confirmaron en el d\u00eda.&nbsp;&nbsp;&nbsp; Al 24 de noviembre, en el Municipio de Moreno hay&nbsp;16&nbsp;nuevos casos confirmados,&nbsp;46&nbsp;personas recuperadas y&nbsp;5&nbsp;defunci\u00f3n. En total, suman&nbsp;20067&nbsp;casos confirmados,&nbsp;2198&nbsp;casos sospechosos,&nbsp;25551&nbsp;casos descartados y 565 defunciones. De los casos positivos hay&nbsp;924&nbsp;activos que cumplen con las &hellip; <a href=\"https:\/\/morenoprimero.com.ar\/archivo\/moreno-20067-casos-confirmados-de-covid-19\/\">Sigue leyendo <span class=\"meta-nav\">&rarr;<\/span><\/a><\/p>\n","protected":false},"author":6,"featured_media":5839,"comment_status":"open","ping_status":"open","sticky":false,"template":"","format":"standard","meta":{"footnotes":""},"categories":[536],"tags":[26,702,94,568],"class_list":["post-5836","post","type-post","status-publish","format-standard","has-post-thumbnail","hentry","category-salud","tag-coronavirus","tag-coronavirus-en-moreno","tag-covid-19","tag-reporte-covid-19"],"_links":{"self":[{"href":"https:\/\/morenoprimero.com.ar\/archivo\/wp-json\/wp\/v2\/posts\/5836","targetHints":{"allow":["GET"]}}],"collection":[{"href":"https:\/\/morenoprimero.com.ar\/archivo\/wp-json\/wp\/v2\/posts"}],"about":[{"href":"https:\/\/morenoprimero.com.ar\/archivo\/wp-json\/wp\/v2\/types\/post"}],"author":[{"embeddable":true,"href":"https:\/\/morenoprimero.com.ar\/archivo\/wp-json\/wp\/v2\/users\/6"}],"replies":[{"embeddable":true,"href":"https:\/\/morenoprimero.com.ar\/archivo\/wp-json\/wp\/v2\/comments?post=5836"}],"version-history":[{"count":2,"href":"https:\/\/morenoprimero.com.ar\/archivo\/wp-json\/wp\/v2\/posts\/5836\/revisions"}],"predecessor-version":[{"id":5844,"href":"https:\/\/morenoprimero.com.ar\/archivo\/wp-json\/wp\/v2\/posts\/5836\/revisions\/5844"}],"wp:featuredmedia":[{"embeddable":true,"href":"https:\/\/morenoprimero.com.ar\/archivo\/wp-json\/wp\/v2\/media\/5839"}],"wp:attachment":[{"href":"https:\/\/morenoprimero.com.ar\/archivo\/wp-json\/wp\/v2\/media?parent=5836"}],"wp:term":[{"taxonomy":"category","embeddable":true,"href":"https:\/\/morenoprimero.com.ar\/archivo\/wp-json\/wp\/v2\/categories?post=5836"},{"taxonomy":"post_tag","embeddable":true,"href":"https:\/\/morenoprimero.com.ar\/archivo\/wp-json\/wp\/v2\/tags?post=5836"}],"curies":[{"name":"wp","href":"https:\/\/api.w.org\/{rel}","templated":true}]}}