{"id":5800,"date":"2020-11-25T11:00:05","date_gmt":"2020-11-25T11:00:05","guid":{"rendered":"https:\/\/morenoprimero.com.ar\/?p=5800"},"modified":"2020-11-25T11:00:06","modified_gmt":"2020-11-25T11:00:06","slug":"paso-del-rey-persecucion-detenidos-armas-y-motos-incautadas","status":"publish","type":"post","link":"https:\/\/morenoprimero.com.ar\/archivo\/paso-del-rey-persecucion-detenidos-armas-y-motos-incautadas\/","title":{"rendered":"PASO DEL REY: PERSECUCI\u00d3N, DETENIDOS, ARMAS Y MOTOS INCAUTADAS"},"content":{"rendered":"\n<h4 class=\"wp-block-heading\">  Los due\u00f1os de la casa donde se encontraban los delincuentes se enfrentaron a la polic\u00eda y tambi\u00e9n quedaron detenidos.<\/h4>\n\n\n\n<p>&nbsp; El s\u00e1bado 21 de noviembre por la ma\u00f1ana, un llamado al 911 denuncia que <strong>una moto robaba en las calles Tom\u00e1s Edison y Mart\u00edn Luther King.&nbsp;<\/strong><\/p>\n\n\n\n<p>&nbsp; Tras rastrear a los dos delincuentes, la polic\u00eda emprende una persecuci\u00f3n. Los mismos abandonan la moto y <strong>se refugian en una casa de la zona.&nbsp;&nbsp;<\/strong><\/p>\n\n\n\n<p>&nbsp; <strong>Personal policial logr\u00f3 reducirlos.  Se les secuestr\u00f3 dos armas, una r\u00e9plica y un arma calibre 22.&nbsp;Adem\u00e1s,&nbsp;se les incautan pertenencias robadas y otros objetos como electrodom\u00e9sticos, celulares, ropa, y motopartes.&nbsp;<\/strong><\/p>\n\n\n\n<p>&nbsp; Los due\u00f1os de la casa se enfrentan a la polic\u00eda, y al resistirse, tambi\u00e9n son detenidos.&nbsp;&nbsp;<\/p>\n\n\n\n<p>Intervino la UFI&nbsp;N\u00b0&nbsp;6.&nbsp;<\/p>\n","protected":false},"excerpt":{"rendered":"<p>Los due\u00f1os de la casa donde se encontraban los delincuentes se enfrentaron a la polic\u00eda y tambi\u00e9n quedaron detenidos. &nbsp; El s\u00e1bado 21 de noviembre por la ma\u00f1ana, un llamado al 911 denuncia que una moto robaba en las calles &hellip; <a href=\"https:\/\/morenoprimero.com.ar\/archivo\/paso-del-rey-persecucion-detenidos-armas-y-motos-incautadas\/\">Sigue leyendo <span class=\"meta-nav\">&rarr;<\/span><\/a><\/p>\n","protected":false},"author":6,"featured_media":5801,"comment_status":"open","ping_status":"open","sticky":false,"template":"","format":"standard","meta":{"footnotes":""},"categories":[8],"tags":[382,253,292],"class_list":["post-5800","post","type-post","status-publish","format-standard","has-post-thumbnail","hentry","category-policiales","tag-motochorros","tag-paso-del-rey","tag-secuestro-de-armas"],"_links":{"self":[{"href":"https:\/\/morenoprimero.com.ar\/archivo\/wp-json\/wp\/v2\/posts\/5800","targetHints":{"allow":["GET"]}}],"collection":[{"href":"https:\/\/morenoprimero.com.ar\/archivo\/wp-json\/wp\/v2\/posts"}],"about":[{"href":"https:\/\/morenoprimero.com.ar\/archivo\/wp-json\/wp\/v2\/types\/post"}],"author":[{"embeddable":true,"href":"https:\/\/morenoprimero.com.ar\/archivo\/wp-json\/wp\/v2\/users\/6"}],"replies":[{"embeddable":true,"href":"https:\/\/morenoprimero.com.ar\/archivo\/wp-json\/wp\/v2\/comments?post=5800"}],"version-history":[{"count":2,"href":"https:\/\/morenoprimero.com.ar\/archivo\/wp-json\/wp\/v2\/posts\/5800\/revisions"}],"predecessor-version":[{"id":5834,"href":"https:\/\/morenoprimero.com.ar\/archivo\/wp-json\/wp\/v2\/posts\/5800\/revisions\/5834"}],"wp:featuredmedia":[{"embeddable":true,"href":"https:\/\/morenoprimero.com.ar\/archivo\/wp-json\/wp\/v2\/media\/5801"}],"wp:attachment":[{"href":"https:\/\/morenoprimero.com.ar\/archivo\/wp-json\/wp\/v2\/media?parent=5800"}],"wp:term":[{"taxonomy":"category","embeddable":true,"href":"https:\/\/morenoprimero.com.ar\/archivo\/wp-json\/wp\/v2\/categories?post=5800"},{"taxonomy":"post_tag","embeddable":true,"href":"https:\/\/morenoprimero.com.ar\/archivo\/wp-json\/wp\/v2\/tags?post=5800"}],"curies":[{"name":"wp","href":"https:\/\/api.w.org\/{rel}","templated":true}]}}