{"id":579,"date":"2020-07-23T21:24:55","date_gmt":"2020-07-23T21:24:55","guid":{"rendered":"https:\/\/morenoprimero.com.ar\/?p=579"},"modified":"2020-07-23T21:24:55","modified_gmt":"2020-07-23T21:24:55","slug":"trujui-tras-una-persecucion-detienen-a-dos-delincuentes-que-intentaron-robar-un-auto","status":"publish","type":"post","link":"https:\/\/morenoprimero.com.ar\/archivo\/trujui-tras-una-persecucion-detienen-a-dos-delincuentes-que-intentaron-robar-un-auto\/","title":{"rendered":"TRUJUI: TRAS UNA PERSECUCI\u00d3N, DETIENEN A DOS DELINCUENTES QUE INTENTARON ROBAR UN AUTO"},"content":{"rendered":"\n<p><strong>Un vecino circulaba con su auto Volkswagen\u00a0Suran. Fue interceptado por dos delincuentes armados quienes lo obligaron a descender del auto.\u00a0<\/strong><\/p>\n\n\n\n<p>Cuando la\u00a0polic\u00eda fue notificada del suceso\u00a0se inici\u00f3 un rastrillaje por la zona de Trujui. R\u00e1pidamente en las calles Mart\u00edn Gainza entre Lincoln y Vicente L\u00f3pez y Planes, logran divisar el veh\u00edculo robado.\u00a0\u00a0<\/p>\n\n\n\n<figure class=\"wp-block-image size-large\"><img loading=\"lazy\" decoding=\"async\" width=\"498\" height=\"1024\" src=\"https:\/\/morenoprimero.com.ar\/wp-content\/uploads\/2020\/07\/acc029c1-33d3-4377-a0da-1247ed716cf2-498x1024.jpg\" alt=\"\" class=\"wp-image-581\" srcset=\"https:\/\/morenoprimero.com.ar\/archivo\/wp-content\/uploads\/2020\/07\/acc029c1-33d3-4377-a0da-1247ed716cf2-498x1024.jpg 498w, https:\/\/morenoprimero.com.ar\/archivo\/wp-content\/uploads\/2020\/07\/acc029c1-33d3-4377-a0da-1247ed716cf2-146x300.jpg 146w, https:\/\/morenoprimero.com.ar\/archivo\/wp-content\/uploads\/2020\/07\/acc029c1-33d3-4377-a0da-1247ed716cf2.jpg 622w\" sizes=\"auto, (max-width: 498px) 100vw, 498px\" \/><\/figure>\n\n\n\n<p>Los delincuentes se dan a la fuga a pie siendo perseguidos por personal policial. <strong>Con apoyo de m\u00f3viles policiales se rode\u00f3 la manzana y se logr\u00f3 la detenci\u00f3n de los pr\u00f3fugos. Se encontraban dentro de una casa particular de uno de ellos.<\/strong>\u00a0<\/p>\n\n\n\n<figure class=\"wp-block-image size-large\"><img loading=\"lazy\" decoding=\"async\" width=\"498\" height=\"1024\" src=\"https:\/\/morenoprimero.com.ar\/wp-content\/uploads\/2020\/07\/ec82614e-7c79-471a-a5ec-57d0ca83ec6f-498x1024.jpg\" alt=\"\" class=\"wp-image-582\" srcset=\"https:\/\/morenoprimero.com.ar\/archivo\/wp-content\/uploads\/2020\/07\/ec82614e-7c79-471a-a5ec-57d0ca83ec6f-498x1024.jpg 498w, https:\/\/morenoprimero.com.ar\/archivo\/wp-content\/uploads\/2020\/07\/ec82614e-7c79-471a-a5ec-57d0ca83ec6f-146x300.jpg 146w, https:\/\/morenoprimero.com.ar\/archivo\/wp-content\/uploads\/2020\/07\/ec82614e-7c79-471a-a5ec-57d0ca83ec6f.jpg 622w\" sizes=\"auto, (max-width: 498px) 100vw, 498px\" \/><\/figure>\n","protected":false},"excerpt":{"rendered":"<p>Un vecino circulaba con su auto Volkswagen\u00a0Suran. Fue interceptado por dos delincuentes armados quienes lo obligaron a descender del auto.\u00a0 Cuando la\u00a0polic\u00eda fue notificada del suceso\u00a0se inici\u00f3 un rastrillaje por la zona de Trujui. R\u00e1pidamente en las calles Mart\u00edn Gainza &hellip; <a href=\"https:\/\/morenoprimero.com.ar\/archivo\/trujui-tras-una-persecucion-detienen-a-dos-delincuentes-que-intentaron-robar-un-auto\/\">Sigue leyendo <span class=\"meta-nav\">&rarr;<\/span><\/a><\/p>\n","protected":false},"author":6,"featured_media":580,"comment_status":"open","ping_status":"open","sticky":false,"template":"","format":"standard","meta":{"footnotes":""},"categories":[8],"tags":[31,39,106],"class_list":["post-579","post","type-post","status-publish","format-standard","has-post-thumbnail","hentry","category-policiales","tag-policia","tag-robo","tag-trujui"],"_links":{"self":[{"href":"https:\/\/morenoprimero.com.ar\/archivo\/wp-json\/wp\/v2\/posts\/579","targetHints":{"allow":["GET"]}}],"collection":[{"href":"https:\/\/morenoprimero.com.ar\/archivo\/wp-json\/wp\/v2\/posts"}],"about":[{"href":"https:\/\/morenoprimero.com.ar\/archivo\/wp-json\/wp\/v2\/types\/post"}],"author":[{"embeddable":true,"href":"https:\/\/morenoprimero.com.ar\/archivo\/wp-json\/wp\/v2\/users\/6"}],"replies":[{"embeddable":true,"href":"https:\/\/morenoprimero.com.ar\/archivo\/wp-json\/wp\/v2\/comments?post=579"}],"version-history":[{"count":2,"href":"https:\/\/morenoprimero.com.ar\/archivo\/wp-json\/wp\/v2\/posts\/579\/revisions"}],"predecessor-version":[{"id":598,"href":"https:\/\/morenoprimero.com.ar\/archivo\/wp-json\/wp\/v2\/posts\/579\/revisions\/598"}],"wp:featuredmedia":[{"embeddable":true,"href":"https:\/\/morenoprimero.com.ar\/archivo\/wp-json\/wp\/v2\/media\/580"}],"wp:attachment":[{"href":"https:\/\/morenoprimero.com.ar\/archivo\/wp-json\/wp\/v2\/media?parent=579"}],"wp:term":[{"taxonomy":"category","embeddable":true,"href":"https:\/\/morenoprimero.com.ar\/archivo\/wp-json\/wp\/v2\/categories?post=579"},{"taxonomy":"post_tag","embeddable":true,"href":"https:\/\/morenoprimero.com.ar\/archivo\/wp-json\/wp\/v2\/tags?post=579"}],"curies":[{"name":"wp","href":"https:\/\/api.w.org\/{rel}","templated":true}]}}