{"id":5782,"date":"2020-11-24T12:59:04","date_gmt":"2020-11-24T12:59:04","guid":{"rendered":"https:\/\/morenoprimero.com.ar\/?p=5782"},"modified":"2020-11-24T12:59:04","modified_gmt":"2020-11-24T12:59:04","slug":"moreno-supera-los-20000-contagios-de-covid-19-en-el-fin-de-semana","status":"publish","type":"post","link":"https:\/\/morenoprimero.com.ar\/archivo\/moreno-supera-los-20000-contagios-de-covid-19-en-el-fin-de-semana\/","title":{"rendered":"MORENO SUPERA LOS 20000 CONTAGIOS DE COVID-19 EN EL FIN DE SEMANA"},"content":{"rendered":"\n<h4 class=\"wp-block-heading\">Los casos positivos que se encuentran activos no superaron las mil personas en todo el fin de semana largo. Adem\u00e1s, por segunda vez, luego del incremento de la semana pasada, la cantidad de contagios se encuentra por debajo de los 400 casos semanales.&nbsp;<\/h4>\n\n\n\n<p>Al 24 de noviembre, en el Municipio de Moreno hay<strong>&nbsp;45<\/strong>&nbsp;nuevos casos confirmados,&nbsp;<strong>42<\/strong>&nbsp;personas recuperadas y 1 defunci\u00f3n. En total, suman&nbsp;<strong>20051<\/strong>&nbsp;casos confirmados,&nbsp;<strong>2186&nbsp;<\/strong>casos sospechosos y&nbsp;<strong>25482&nbsp;<\/strong>casos descartados.&nbsp;&nbsp;<\/p>\n\n\n\n<p>De los casos positivos hay<strong>&nbsp;959<\/strong>&nbsp;activos que cumplen con las medidas de aislamiento obligatorio hospitalarias y domiciliarias.&nbsp;<\/p>\n\n\n\n<p>\u00a0 Se suma una defunci\u00f3n de un hombre de 76 a\u00f1os con antecedentes de hipertensi\u00f3n, obesidad, diabetes y tabaquismo.\u00a0<\/p>\n\n\n\n<figure class=\"wp-block-image size-large\"><img loading=\"lazy\" decoding=\"async\" width=\"680\" height=\"349\" src=\"https:\/\/morenoprimero.com.ar\/wp-content\/uploads\/2020\/11\/curva.jpg\" alt=\"\" class=\"wp-image-5785\" srcset=\"https:\/\/morenoprimero.com.ar\/archivo\/wp-content\/uploads\/2020\/11\/curva.jpg 680w, https:\/\/morenoprimero.com.ar\/archivo\/wp-content\/uploads\/2020\/11\/curva-300x154.jpg 300w\" sizes=\"auto, (max-width: 680px) 100vw, 680px\" \/><\/figure>\n","protected":false},"excerpt":{"rendered":"<p>Los casos positivos que se encuentran activos no superaron las mil personas en todo el fin de semana largo. Adem\u00e1s, por segunda vez, luego del incremento de la semana pasada, la cantidad de contagios se encuentra por debajo de los &hellip; <a href=\"https:\/\/morenoprimero.com.ar\/archivo\/moreno-supera-los-20000-contagios-de-covid-19-en-el-fin-de-semana\/\">Sigue leyendo <span class=\"meta-nav\">&rarr;<\/span><\/a><\/p>\n","protected":false},"author":6,"featured_media":5783,"comment_status":"open","ping_status":"open","sticky":false,"template":"","format":"standard","meta":{"footnotes":""},"categories":[536],"tags":[94,6,568,848],"class_list":["post-5782","post","type-post","status-publish","format-standard","has-post-thumbnail","hentry","category-salud","tag-covid-19","tag-moreno","tag-reporte-covid-19","tag-reporte-diario-covid-19"],"_links":{"self":[{"href":"https:\/\/morenoprimero.com.ar\/archivo\/wp-json\/wp\/v2\/posts\/5782","targetHints":{"allow":["GET"]}}],"collection":[{"href":"https:\/\/morenoprimero.com.ar\/archivo\/wp-json\/wp\/v2\/posts"}],"about":[{"href":"https:\/\/morenoprimero.com.ar\/archivo\/wp-json\/wp\/v2\/types\/post"}],"author":[{"embeddable":true,"href":"https:\/\/morenoprimero.com.ar\/archivo\/wp-json\/wp\/v2\/users\/6"}],"replies":[{"embeddable":true,"href":"https:\/\/morenoprimero.com.ar\/archivo\/wp-json\/wp\/v2\/comments?post=5782"}],"version-history":[{"count":2,"href":"https:\/\/morenoprimero.com.ar\/archivo\/wp-json\/wp\/v2\/posts\/5782\/revisions"}],"predecessor-version":[{"id":5786,"href":"https:\/\/morenoprimero.com.ar\/archivo\/wp-json\/wp\/v2\/posts\/5782\/revisions\/5786"}],"wp:featuredmedia":[{"embeddable":true,"href":"https:\/\/morenoprimero.com.ar\/archivo\/wp-json\/wp\/v2\/media\/5783"}],"wp:attachment":[{"href":"https:\/\/morenoprimero.com.ar\/archivo\/wp-json\/wp\/v2\/media?parent=5782"}],"wp:term":[{"taxonomy":"category","embeddable":true,"href":"https:\/\/morenoprimero.com.ar\/archivo\/wp-json\/wp\/v2\/categories?post=5782"},{"taxonomy":"post_tag","embeddable":true,"href":"https:\/\/morenoprimero.com.ar\/archivo\/wp-json\/wp\/v2\/tags?post=5782"}],"curies":[{"name":"wp","href":"https:\/\/api.w.org\/{rel}","templated":true}]}}