{"id":5766,"date":"2020-11-24T12:35:49","date_gmt":"2020-11-24T12:35:49","guid":{"rendered":"https:\/\/morenoprimero.com.ar\/?p=5766"},"modified":"2020-11-24T12:35:50","modified_gmt":"2020-11-24T12:35:50","slug":"desbaratan-triple-fiesta-clandestina-en-moreno","status":"publish","type":"post","link":"https:\/\/morenoprimero.com.ar\/archivo\/desbaratan-triple-fiesta-clandestina-en-moreno\/","title":{"rendered":"DESBARATAN TRIPLE FIESTA CLANDESTINA EN MORENO"},"content":{"rendered":"\n<h4 class=\"wp-block-heading\">Tres fiestas se realizaban consecutivamente en el Barrio Las Magnolias. Hab\u00eda&nbsp;m\u00e1s&nbsp;de 1800 personas y 400 autos.&nbsp;<\/h4>\n\n\n\n<p>&nbsp;En un operativo a cargo del director provincial para la Gesti\u00f3n de la Seguridad Privada, Marcelo Montero, <strong>se desbarat\u00f3 una triple fiesta clandestinas en Moreno.<\/strong> Las tres fiestas se realizaban en el Barrio Las Magnolias, en una zona de casa quintas.&nbsp;<\/p>\n\n\n\n<p>&nbsp; La fiesta contaba con DJ, luces r\u00edtmicas, barras construidas con gazebos, <strong>400 veh\u00edculos y 1800 personas<\/strong>.<\/p>\n\n\n\n<p>&nbsp; Los <strong>organizadores del evento<\/strong> fueron identificados e informados del inicio de una <strong>causa federal<\/strong> por el incumplimiento del art 20 del C\u00f3digo Penal referido a <strong>delitos contra la Salud P\u00fablica<\/strong>, y adem\u00e1s <strong>se desaloj\u00f3 el lugar.&nbsp;<\/strong><\/p>\n\n\n\n<p>Intervino el Juzgado Federal N\u00b01, Juez N\u00e9stor Barral, Secci\u00f3n 3 a cargo del doctor Juan Cruz Garc\u00eda del Departamento Judicial de Mor\u00f3n.&nbsp;<\/p>\n\n\n\n<figure class=\"wp-block-embed-youtube wp-block-embed is-type-video is-provider-youtube wp-embed-aspect-16-9 wp-has-aspect-ratio\"><div class=\"wp-block-embed__wrapper\">\n<iframe loading=\"lazy\" title=\"Fiesta Clandestina Palma y Ruta 197 - Moreno (22-11-2020)\" width=\"584\" height=\"329\" src=\"https:\/\/www.youtube.com\/embed\/wUPIb1_h2PE?feature=oembed\" frameborder=\"0\" allow=\"accelerometer; autoplay; clipboard-write; encrypted-media; gyroscope; picture-in-picture; web-share\" referrerpolicy=\"strict-origin-when-cross-origin\" allowfullscreen><\/iframe>\n<\/div><\/figure>\n\n\n\n<p>&nbsp; <strong>A pesar de las medidas dispuestas por autoridades nacionales y provinciales en relaci\u00f3n a la pandemia por covid-19, decenas de fiestas son desbaratadas a lo largo de todo el pa\u00eds.&nbsp;<\/strong>&nbsp;&nbsp;<\/p>\n\n\n\n<p>&nbsp; En una nota publicada por la agencia de noticias T\u00e9lam, se detallan<strong> fiestas clandestinas en varias provincias<\/strong>, algunas con centenares de personas, en Santiago del Estero con finales violentos, y en Mendoza con una denuncia por abuso sexual.&nbsp;<\/p>\n\n\n\n<p>&nbsp; En<strong> Santa Fe<\/strong> se desbarataron eventos en Florencia y Rafaela. En <strong>C\u00f3rdoba,<\/strong> las fiestas clandestinas de mayor importancia se dieron en la ciudad de San Francisco. En <strong>Entre R\u00edos<\/strong> hubo m\u00e1s de 10 fiestas clandestinas en Paran\u00e1, y juntadas al aire libre sin protocolo en&nbsp;Basavilbaso. En <strong>Formosa<\/strong> se detectaron m\u00e1s de 30 fiestas clandestinas. En <strong>corrientes<\/strong>, una fiesta clandestina con alrededor de 100 personas fue&nbsp;desbaratada&nbsp;por la polic\u00eda de la provincia.&nbsp;&nbsp;<\/p>\n\n\n\n<p>&nbsp; En<strong> Santiago del Estero <\/strong>tambi\u00e9n hubo decenas de fiestas ilegales, entre ellas, la fiesta en la ciudad de Las Termas de R\u00edo Hondo, donde <strong>los asistentes dispararon a personal policial mientras escapaban.<\/strong> En <strong>Salta<\/strong> hubo 7 fiestas clandestinas durante el fin de semana. En<strong> Jujuy<\/strong> se realizaron procedimientos debido a reuniones familiares que exced\u00edan las 10 personas. Por \u00faltimo, en <strong>Mendoza,<\/strong> fueron detectadas dos fiestas;<strong> en una de ellas, una chica sufri\u00f3 un abuso sexual.&nbsp;<\/strong><\/p>\n","protected":false},"excerpt":{"rendered":"<p>Tres fiestas se realizaban consecutivamente en el Barrio Las Magnolias. Hab\u00eda&nbsp;m\u00e1s&nbsp;de 1800 personas y 400 autos.&nbsp; &nbsp;En un operativo a cargo del director provincial para la Gesti\u00f3n de la Seguridad Privada, Marcelo Montero, se desbarat\u00f3 una triple fiesta clandestinas en &hellip; <a href=\"https:\/\/morenoprimero.com.ar\/archivo\/desbaratan-triple-fiesta-clandestina-en-moreno\/\">Sigue leyendo <span class=\"meta-nav\">&rarr;<\/span><\/a><\/p>\n","protected":false},"author":6,"featured_media":5767,"comment_status":"open","ping_status":"open","sticky":false,"template":"","format":"standard","meta":{"footnotes":""},"categories":[21,20],"tags":[1165,94,1164,6],"class_list":["post-5766","post","type-post","status-publish","format-standard","has-post-thumbnail","hentry","category-interes-general","category-sociedad","tag-barrio-las-magnolias","tag-covid-19","tag-fiesta-clandestina","tag-moreno"],"_links":{"self":[{"href":"https:\/\/morenoprimero.com.ar\/archivo\/wp-json\/wp\/v2\/posts\/5766","targetHints":{"allow":["GET"]}}],"collection":[{"href":"https:\/\/morenoprimero.com.ar\/archivo\/wp-json\/wp\/v2\/posts"}],"about":[{"href":"https:\/\/morenoprimero.com.ar\/archivo\/wp-json\/wp\/v2\/types\/post"}],"author":[{"embeddable":true,"href":"https:\/\/morenoprimero.com.ar\/archivo\/wp-json\/wp\/v2\/users\/6"}],"replies":[{"embeddable":true,"href":"https:\/\/morenoprimero.com.ar\/archivo\/wp-json\/wp\/v2\/comments?post=5766"}],"version-history":[{"count":2,"href":"https:\/\/morenoprimero.com.ar\/archivo\/wp-json\/wp\/v2\/posts\/5766\/revisions"}],"predecessor-version":[{"id":5780,"href":"https:\/\/morenoprimero.com.ar\/archivo\/wp-json\/wp\/v2\/posts\/5766\/revisions\/5780"}],"wp:featuredmedia":[{"embeddable":true,"href":"https:\/\/morenoprimero.com.ar\/archivo\/wp-json\/wp\/v2\/media\/5767"}],"wp:attachment":[{"href":"https:\/\/morenoprimero.com.ar\/archivo\/wp-json\/wp\/v2\/media?parent=5766"}],"wp:term":[{"taxonomy":"category","embeddable":true,"href":"https:\/\/morenoprimero.com.ar\/archivo\/wp-json\/wp\/v2\/categories?post=5766"},{"taxonomy":"post_tag","embeddable":true,"href":"https:\/\/morenoprimero.com.ar\/archivo\/wp-json\/wp\/v2\/tags?post=5766"}],"curies":[{"name":"wp","href":"https:\/\/api.w.org\/{rel}","templated":true}]}}