{"id":5727,"date":"2020-11-20T16:08:20","date_gmt":"2020-11-20T16:08:20","guid":{"rendered":"https:\/\/morenoprimero.com.ar\/?p=5727"},"modified":"2020-11-20T16:08:20","modified_gmt":"2020-11-20T16:08:20","slug":"salon-provincial-de-arte-joven-2020-artes-visuales-edicion-virtual","status":"publish","type":"post","link":"https:\/\/morenoprimero.com.ar\/archivo\/salon-provincial-de-arte-joven-2020-artes-visuales-edicion-virtual\/","title":{"rendered":"SAL\u00d3N PROVINCIAL DE ARTE JOVEN 2020 \u2013 ARTES VISUALES (EDICI\u00d3N VIRTUAL)"},"content":{"rendered":"\n<h4 class=\"wp-block-heading\"><strong>Se abre la&nbsp;convocatoria&nbsp;para participar del Sal\u00f3n Provincial de Arte Joven 2020. Edici\u00f3n Virtual, los y las interesadas podr\u00e1n&nbsp;inscribirse&nbsp;del 16 al 30 de noviembre.<\/strong>&nbsp;<\/h4>\n\n\n\n<p>Con el objetivo de difundir y estimular la producci\u00f3n art\u00edstica y la experimentaci\u00f3n en las artes visuales a partir de formatos evaluables y&nbsp;difundibles&nbsp;en el marco de la virtualidad que a\u00fan no han formado parte de ninguno de las ediciones anteriores del certamen, el Ministerio de Producci\u00f3n Ciencia e Innovaci\u00f3n Tecnol\u00f3gica de la Provincia de Buenos Aires, a trav\u00e9s de la Direcci\u00f3n Provincial de Artes y Museo Provincial de Bellas Artes Emilio&nbsp;Pettoruti, convoca a todas y todos los y las artistas a participar del Sal\u00f3n Provincial de Arte Joven 2020, Edici\u00f3n Virtual, que se realizar\u00e1 entre el mes de noviembre y diciembre del corriente.&nbsp;<\/p>\n\n\n\n<p>Para la concreci\u00f3n de este certamen se cuenta con el acompa\u00f1amiento de las Honorables C\u00e1maras de Senadores y Diputados de la Provincia de Buenos Aires.&nbsp;<\/p>\n\n\n\n<p>Podr\u00e1n participar artistas argentinos y extranjeros. Para el caso de artistas argentinos, los mismos deber\u00e1n haber nacido en la Provincia de Buenos Aires o contar con un m\u00ednimo de (2) dos a\u00f1os de residencia en la misma, mientras que a los y las artistas extranjeras se les exigir\u00e1 un m\u00ednimo de (3) tres a\u00f1os de residencia en el pa\u00eds y (2) dos en la Provincia de Buenos Aires. Para la acreditaci\u00f3n del periodo de residencia, los y las artistas podr\u00e1n presentar la totalidad de la documentaci\u00f3n con la que cuenten, la cual ser\u00e1 evaluada y valorada por la autoridad de aplicaci\u00f3n. En ambos casos, deber\u00e1n tener entre 18 y 30 a\u00f1os de edad a la fecha de cierre de inscripci\u00f3n.&nbsp;<\/p>\n\n\n\n<p>La categor\u00eda general de esta edici\u00f3n ser\u00e1 Artes Visuales en formato digital, pudiendo presentarse fotograf\u00edas, videoarte y registro&nbsp;perform\u00e1tico&nbsp;e ilustraci\u00f3n. Se otorgar\u00e1n tres premios y tres menciones a cargo de las instituciones organizadoras.&nbsp;<\/p>\n\n\n\n<p>Las obras premiadas pasar\u00e1n a formar parte del Patrimonio del Museo Provincial de Bellas Artes Emilio&nbsp;Pettoruti&nbsp;que inicia, a trav\u00e9s del certamen, la primera colecci\u00f3n de arte virtual de la Provincia de Buenos Aires.&nbsp;<\/p>\n\n\n\n<p>La obra deber\u00e1 ser in\u00e9dita y de tem\u00e1tica libre, respondiendo a cualquier tendencia pl\u00e1stica, t\u00e9cnica o procedimental, dentro del marco de posibilidades de la categor\u00eda general prevista. Se admitir\u00e1 una obra original por autor. Siendo el certamen desarrollado en simult\u00e1neo con el Sal\u00f3n Provincial Molina Campos, los y las aspirantes que puedan postularse a ambos deber\u00e1n definir su env\u00edo \u00fanico a uno de los dos. Podr\u00e1n presentarse obras realizadas entre 2017 y 2020.&nbsp;<\/p>\n\n\n\n<p><strong>Los aspirantes a participar en el Sal\u00f3n deber\u00e1n inscribirse en el certamen virtualmente del 16 al 30 de noviembre 2020.<\/strong>&nbsp;<\/p>\n\n\n\n<p><a href=\"https:\/\/www.gba.gob.ar\/sites\/default\/files\/cultura\/archivos\/Reglamento_ArteJoven2020.pdf\" target=\"_blank\" rel=\"noreferrer noopener\">Bases y condiciones<\/a><strong>&nbsp;<\/strong><a href=\"https:\/\/forms.gle\/QjZLtuQFfnQSB9au9\" target=\"_blank\" rel=\"noreferrer noopener\">Inscripci\u00f3n<\/a>&nbsp;<\/p>\n\n\n\n<p><strong>Para completar el formulario se deber\u00e1n adjuntar los siguientes archivos:<\/strong>&nbsp;<\/p>\n\n\n\n<p><strong>&#8211;<\/strong>Datos personales con breve biograf\u00eda opcional de no m\u00e1s de 800 caracteres. (Nombre del archivo:&nbsp;Apellido_CV)&nbsp;<\/p>\n\n\n\n<p>-Copia de anverso y reverso del Documento Nacional de Identidad. En el caso de extranjeros la documentaci\u00f3n que acredite el periodo de residencia establecido. (Nombre del archivo:&nbsp;Apellido_DNI)&nbsp;<\/p>\n\n\n\n<p>-Archivo que d\u00e9 cuenta de la obra en su totalidad&nbsp;<\/p>\n\n\n\n<p>Videoarte o registro&nbsp;perform\u00e1tico: A trav\u00e9s de un Link para la preselecci\u00f3n y, en caso de ser seleccionada la obra, se requerir\u00e1 el env\u00edo del archivo.&nbsp;<\/p>\n\n\n\n<p>Ilustraci\u00f3n o Fotograf\u00eda: La obra\/imagen digital deber\u00e1 enviarse en archivo de formato \u201cJPG\u201d en alta o m\u00e1xima resoluci\u00f3n (12), sin compresi\u00f3n del archivo, a 300 \u201cDPI\u201d.&nbsp;<\/p>\n\n\n\n<p>Se instituyen los siguientes premios para la categor\u00eda general:&nbsp;<\/p>\n\n\n\n<ul class=\"wp-block-list\"><li>\u201cMinisterio de Producci\u00f3n, Ciencia e Innovaci\u00f3n Tecnol\u00f3gica de la Provincia de Buenos Aires\u201d, adquisici\u00f3n, 60.000 pesos&nbsp;<\/li><li>Premio \u201cHonorable C\u00e1mara de Senadores de la Provincia de Buenos Aires\u201d, adquisici\u00f3n, 60.000 pesos&nbsp;<\/li><li>Premio \u201cHonorable C\u00e1mara de Diputados de la Provincia de Buenos Aires\u201d, adquisici\u00f3n, 60.000 pesos&nbsp;<\/li><\/ul>\n\n\n\n<p>Menciones de Honor&nbsp;<\/p>\n\n\n\n<ul class=\"wp-block-list\"><li>Menci\u00f3n de Honor \u201cRaquel Forner\u201d. Otorgada por el \u201cMuseo Provincial de Bellas artes Emilio&nbsp;Pettoruti\u201d -Diploma&nbsp;<\/li><li>Menci\u00f3n de Honor \u201cErnestina&nbsp;Rivademar\u201d. Otorgada por la \u201cSubsecretar\u00eda de Pol\u00edticas Culturales de la Provincia de Buenos Aires \u2013 Diploma&nbsp;<\/li><li>Menci\u00f3n de Honor \u201cEdgardo Antonio Vigo\u201d. Otorgada por la \u201cDirecci\u00f3n Provincial de Artes\u201d \u2013 Diploma.&nbsp;<\/li><\/ul>\n\n\n\n<p>Entre el 7 y el 18 de diciembre el jurado, compuesto por Fernando&nbsp;Farina, Marcela&nbsp;Cabutti, Daniel&nbsp;Besoytaorube, Guillermina&nbsp;Mongan&nbsp;y Nicol\u00e1s&nbsp;Testoni&nbsp;realizar\u00e1 la selecci\u00f3n de obras, en tanto que el 21 de diciembre se anunciar\u00e1n las y los premiados y seleccionados.&nbsp;<\/p>\n\n\n\n<p><strong>Ante cualquier duda o consulta los interesados deber\u00e1n escribir a&nbsp;<\/strong><a href=\"mailto:salonesmpba@gmail.com\" target=\"_blank\" rel=\"noreferrer noopener\"><strong>salonesmpba@gmail.com<\/strong><\/a>&nbsp;<\/p>\n","protected":false},"excerpt":{"rendered":"<p>Se abre la&nbsp;convocatoria&nbsp;para participar del Sal\u00f3n Provincial de Arte Joven 2020. Edici\u00f3n Virtual, los y las interesadas podr\u00e1n&nbsp;inscribirse&nbsp;del 16 al 30 de noviembre.&nbsp; Con el objetivo de difundir y estimular la producci\u00f3n art\u00edstica y la experimentaci\u00f3n en las artes visuales &hellip; <a href=\"https:\/\/morenoprimero.com.ar\/archivo\/salon-provincial-de-arte-joven-2020-artes-visuales-edicion-virtual\/\">Sigue leyendo <span class=\"meta-nav\">&rarr;<\/span><\/a><\/p>\n","protected":false},"author":6,"featured_media":5728,"comment_status":"open","ping_status":"open","sticky":false,"template":"","format":"standard","meta":{"footnotes":""},"categories":[21],"tags":[7,60],"class_list":["post-5727","post","type-post","status-publish","format-standard","has-post-thumbnail","hentry","category-interes-general","tag-buenosaires","tag-provincia-de-buenos-aires"],"_links":{"self":[{"href":"https:\/\/morenoprimero.com.ar\/archivo\/wp-json\/wp\/v2\/posts\/5727","targetHints":{"allow":["GET"]}}],"collection":[{"href":"https:\/\/morenoprimero.com.ar\/archivo\/wp-json\/wp\/v2\/posts"}],"about":[{"href":"https:\/\/morenoprimero.com.ar\/archivo\/wp-json\/wp\/v2\/types\/post"}],"author":[{"embeddable":true,"href":"https:\/\/morenoprimero.com.ar\/archivo\/wp-json\/wp\/v2\/users\/6"}],"replies":[{"embeddable":true,"href":"https:\/\/morenoprimero.com.ar\/archivo\/wp-json\/wp\/v2\/comments?post=5727"}],"version-history":[{"count":2,"href":"https:\/\/morenoprimero.com.ar\/archivo\/wp-json\/wp\/v2\/posts\/5727\/revisions"}],"predecessor-version":[{"id":5746,"href":"https:\/\/morenoprimero.com.ar\/archivo\/wp-json\/wp\/v2\/posts\/5727\/revisions\/5746"}],"wp:featuredmedia":[{"embeddable":true,"href":"https:\/\/morenoprimero.com.ar\/archivo\/wp-json\/wp\/v2\/media\/5728"}],"wp:attachment":[{"href":"https:\/\/morenoprimero.com.ar\/archivo\/wp-json\/wp\/v2\/media?parent=5727"}],"wp:term":[{"taxonomy":"category","embeddable":true,"href":"https:\/\/morenoprimero.com.ar\/archivo\/wp-json\/wp\/v2\/categories?post=5727"},{"taxonomy":"post_tag","embeddable":true,"href":"https:\/\/morenoprimero.com.ar\/archivo\/wp-json\/wp\/v2\/tags?post=5727"}],"curies":[{"name":"wp","href":"https:\/\/api.w.org\/{rel}","templated":true}]}}