{"id":5548,"date":"2020-11-17T17:07:26","date_gmt":"2020-11-17T17:07:26","guid":{"rendered":"https:\/\/morenoprimero.com.ar\/?p=5548"},"modified":"2020-11-17T17:07:27","modified_gmt":"2020-11-17T17:07:27","slug":"17-de-noviembre-dia-del-prematuro","status":"publish","type":"post","link":"https:\/\/morenoprimero.com.ar\/archivo\/17-de-noviembre-dia-del-prematuro\/","title":{"rendered":"17 DE NOVIEMBRE, \u00abD\u00cdA DEL PREMATURO\u00bb"},"content":{"rendered":"\n<h4 class=\"wp-block-heading\">  El d\u00eda del prematuro fue declarado en el a\u00f1o 2009 por Unicef con el fin de concientizar a la poblaci\u00f3n en los cuidados y las precauciones para disminuir la problem\u00e1tica.<\/h4>\n\n\n\n<p>El Fondo de las Naciones Unidas para la Infancia (Unicef) declar\u00f3 en el a\u00f1o 2009 el \u201cD\u00eda del Prematuro\u201d. La iniciativa se fij\u00f3 para el d\u00eda 17 de noviembre y, actualmente, se busca extenderlo por una semana por el aumento de ni\u00f1os con&nbsp;prematurez.&nbsp;<\/p>\n\n\n\n<p>&nbsp; Se trabaja constantemente para reducir la condici\u00f3n prematura que puede alterar el desarrollo del ni\u00f1o. Para esto se trabaja en el refuerzo de controles y el mejoramiento en la detecci\u00f3n de enfermedades con las cuales una madre se embaraza, debido a que muchos de los nacimientos de prematuros tienen su origen en problemas de salud no detectados de forma oportuna de las madres.&nbsp;<\/p>\n\n\n\n<p>&nbsp; El hospital Mariano y Luciano de la Vega realiza todos los a\u00f1os la conmemoraci\u00f3n del D\u00eda del Prematuro. En un comunicado realizado por el hospital explicaron que el contexto actual de&nbsp;pandemia perjudic\u00f3 las jornadas de este a\u00f1o, sin embargo, encontraron alternativas para no dejar pasar la concientizaci\u00f3n sobre la problem\u00e1tica.&nbsp;<\/p>\n\n\n\n<p>&nbsp; En este sentido, la m\u00e9dica Jefa de Neonatolog\u00eda, Andrea&nbsp;Daus, junto a las enfermeras neonat\u00f3logas Anal\u00eda Barrios y Cristina Vaca exponen en un video dirigido a la comunidad, qu\u00e9 es la&nbsp;prematurez, cu\u00e1les son las diferentes formas de evitarlo y los cuidados necesarios que deben tener los beb\u00e9s prematuros.&nbsp;<\/p>\n\n\n\n<figure><iframe loading=\"lazy\" src=\"https:\/\/www.facebook.com\/plugins\/video.php?height=314&amp;href=https%3A%2F%2Fwww.facebook.com%2FHospitalMarianoyLucianodelaVega.Moreno%2Fvideos%2F805288063645674%2F&amp;show_text=false&amp;width=560\" width=\"560\" height=\"314\" allowfullscreen=\"true\"><\/iframe><\/figure>\n","protected":false},"excerpt":{"rendered":"<p>El d\u00eda del prematuro fue declarado en el a\u00f1o 2009 por Unicef con el fin de concientizar a la poblaci\u00f3n en los cuidados y las precauciones para disminuir la problem\u00e1tica. El Fondo de las Naciones Unidas para la Infancia (Unicef) &hellip; <a href=\"https:\/\/morenoprimero.com.ar\/archivo\/17-de-noviembre-dia-del-prematuro\/\">Sigue leyendo <span class=\"meta-nav\">&rarr;<\/span><\/a><\/p>\n","protected":false},"author":6,"featured_media":5549,"comment_status":"open","ping_status":"open","sticky":false,"template":"","format":"standard","meta":{"footnotes":""},"categories":[21,20],"tags":[964,139,6,1126],"class_list":["post-5548","post","type-post","status-publish","format-standard","has-post-thumbnail","hentry","category-interes-general","category-sociedad","tag-conmemoracion","tag-hospital-mariano-y-luciano-de-la-vega","tag-moreno","tag-unicef"],"_links":{"self":[{"href":"https:\/\/morenoprimero.com.ar\/archivo\/wp-json\/wp\/v2\/posts\/5548","targetHints":{"allow":["GET"]}}],"collection":[{"href":"https:\/\/morenoprimero.com.ar\/archivo\/wp-json\/wp\/v2\/posts"}],"about":[{"href":"https:\/\/morenoprimero.com.ar\/archivo\/wp-json\/wp\/v2\/types\/post"}],"author":[{"embeddable":true,"href":"https:\/\/morenoprimero.com.ar\/archivo\/wp-json\/wp\/v2\/users\/6"}],"replies":[{"embeddable":true,"href":"https:\/\/morenoprimero.com.ar\/archivo\/wp-json\/wp\/v2\/comments?post=5548"}],"version-history":[{"count":2,"href":"https:\/\/morenoprimero.com.ar\/archivo\/wp-json\/wp\/v2\/posts\/5548\/revisions"}],"predecessor-version":[{"id":5570,"href":"https:\/\/morenoprimero.com.ar\/archivo\/wp-json\/wp\/v2\/posts\/5548\/revisions\/5570"}],"wp:featuredmedia":[{"embeddable":true,"href":"https:\/\/morenoprimero.com.ar\/archivo\/wp-json\/wp\/v2\/media\/5549"}],"wp:attachment":[{"href":"https:\/\/morenoprimero.com.ar\/archivo\/wp-json\/wp\/v2\/media?parent=5548"}],"wp:term":[{"taxonomy":"category","embeddable":true,"href":"https:\/\/morenoprimero.com.ar\/archivo\/wp-json\/wp\/v2\/categories?post=5548"},{"taxonomy":"post_tag","embeddable":true,"href":"https:\/\/morenoprimero.com.ar\/archivo\/wp-json\/wp\/v2\/tags?post=5548"}],"curies":[{"name":"wp","href":"https:\/\/api.w.org\/{rel}","templated":true}]}}