{"id":5543,"date":"2020-11-17T17:06:41","date_gmt":"2020-11-17T17:06:41","guid":{"rendered":"https:\/\/morenoprimero.com.ar\/?p=5543"},"modified":"2020-11-17T17:06:41","modified_gmt":"2020-11-17T17:06:41","slug":"alberto-fernandez-toda-militancia-es-un-acto-de-amor","status":"publish","type":"post","link":"https:\/\/morenoprimero.com.ar\/archivo\/alberto-fernandez-toda-militancia-es-un-acto-de-amor\/","title":{"rendered":"ALBERTO FERN\u00c1NDEZ: \u00abTODA MILITANCIA ES UN ACTO DE AMOR\u00bb"},"content":{"rendered":"\n<h4 class=\"wp-block-heading\">En el d\u00eda de la militancia peronista, el presidente de la rep\u00fablica Argentina, celebr\u00f3 v\u00eda twitter y salud\u00f3 a todas y todos los militantes del pa\u00eds.<\/h4>\n\n\n\n<figure class=\"wp-block-embed-twitter wp-block-embed is-type-rich is-provider-twitter\"><div class=\"wp-block-embed__wrapper\">\n<blockquote class=\"twitter-tweet\" data-width=\"550\" data-dnt=\"true\"><p lang=\"es\" dir=\"ltr\">Tambi\u00e9n quiero hoy agradecer a todas las militancias que luchan por una sociedad mejor. A la militancia feminista que busca que se reconozcan sus derechos. A la militancia social que lucha por los despose\u00eddos. A la militancia sindical que protege los derechos de los trabajadores.<\/p>&mdash; Alberto Fern\u00e1ndez (@alferdez) <a href=\"https:\/\/twitter.com\/alferdez\/status\/1328690133005164545?ref_src=twsrc%5Etfw\">November 17, 2020<\/a><\/blockquote><script async src=\"https:\/\/platform.twitter.com\/widgets.js\" charset=\"utf-8\"><\/script>\n<\/div><\/figure>\n\n\n\n<p>Alberto Fern\u00e1ndez, abogado, profesor y actualmente presidente de nuestro pa\u00eds, salud\u00f3 a la militancia feminista, a la social y a la militancia sindical v\u00eda twitter.<\/p>\n\n\n\n<p>Por otro lado, salud\u00f3 especialmente a las y los militantes de salud, que, <em><strong>durante la pandemia pusieron el cuerpo y el coraz\u00f3n para atender las necesidades m\u00e1s urgentes de sus compatriotas.<\/strong><\/em><\/p>\n\n\n\n<p><\/p>\n","protected":false},"excerpt":{"rendered":"<p>En el d\u00eda de la militancia peronista, el presidente de la rep\u00fablica Argentina, celebr\u00f3 v\u00eda twitter y salud\u00f3 a todas y todos los militantes del pa\u00eds. Alberto Fern\u00e1ndez, abogado, profesor y actualmente presidente de nuestro pa\u00eds, salud\u00f3 a la militancia &hellip; <a href=\"https:\/\/morenoprimero.com.ar\/archivo\/alberto-fernandez-toda-militancia-es-un-acto-de-amor\/\">Sigue leyendo <span class=\"meta-nav\">&rarr;<\/span><\/a><\/p>\n","protected":false},"author":6,"featured_media":5325,"comment_status":"open","ping_status":"open","sticky":false,"template":"","format":"standard","meta":{"footnotes":""},"categories":[20],"tags":[1125,982],"class_list":["post-5543","post","type-post","status-publish","format-standard","has-post-thumbnail","hentry","category-sociedad","tag-dia-de-las-y-los-militantes","tag-presidente-alberto-fernandez"],"_links":{"self":[{"href":"https:\/\/morenoprimero.com.ar\/archivo\/wp-json\/wp\/v2\/posts\/5543","targetHints":{"allow":["GET"]}}],"collection":[{"href":"https:\/\/morenoprimero.com.ar\/archivo\/wp-json\/wp\/v2\/posts"}],"about":[{"href":"https:\/\/morenoprimero.com.ar\/archivo\/wp-json\/wp\/v2\/types\/post"}],"author":[{"embeddable":true,"href":"https:\/\/morenoprimero.com.ar\/archivo\/wp-json\/wp\/v2\/users\/6"}],"replies":[{"embeddable":true,"href":"https:\/\/morenoprimero.com.ar\/archivo\/wp-json\/wp\/v2\/comments?post=5543"}],"version-history":[{"count":1,"href":"https:\/\/morenoprimero.com.ar\/archivo\/wp-json\/wp\/v2\/posts\/5543\/revisions"}],"predecessor-version":[{"id":5546,"href":"https:\/\/morenoprimero.com.ar\/archivo\/wp-json\/wp\/v2\/posts\/5543\/revisions\/5546"}],"wp:featuredmedia":[{"embeddable":true,"href":"https:\/\/morenoprimero.com.ar\/archivo\/wp-json\/wp\/v2\/media\/5325"}],"wp:attachment":[{"href":"https:\/\/morenoprimero.com.ar\/archivo\/wp-json\/wp\/v2\/media?parent=5543"}],"wp:term":[{"taxonomy":"category","embeddable":true,"href":"https:\/\/morenoprimero.com.ar\/archivo\/wp-json\/wp\/v2\/categories?post=5543"},{"taxonomy":"post_tag","embeddable":true,"href":"https:\/\/morenoprimero.com.ar\/archivo\/wp-json\/wp\/v2\/tags?post=5543"}],"curies":[{"name":"wp","href":"https:\/\/api.w.org\/{rel}","templated":true}]}}