{"id":5511,"date":"2020-11-16T17:30:04","date_gmt":"2020-11-16T17:30:04","guid":{"rendered":"https:\/\/morenoprimero.com.ar\/?p=5511"},"modified":"2021-01-04T11:27:17","modified_gmt":"2021-01-04T11:27:17","slug":"walter-correa-invita-a-participar-de-un-caravanazo","status":"publish","type":"post","link":"https:\/\/morenoprimero.com.ar\/archivo\/walter-correa-invita-a-participar-de-un-caravanazo\/","title":{"rendered":"WALTER CORREA INVITA A PARTICIPAR DE UN \u00abCARAVANAZO\u00bb"},"content":{"rendered":"\n<h4 class=\"wp-block-heading\">La iniciativa es  por el d\u00eda de la militancia que conmemora el d\u00eda que Per\u00f3n regres\u00f3 luego de su largo exilio de 18 a\u00f1os.<\/h4>\n\n\n\n<p>&nbsp; El 17 de noviembre se conmemora el primer regreso de Juan Domingo Per\u00f3n luego de 18 a\u00f1os de exilio. Al igual que \u201cel d\u00eda de la lealtad\u201d es una fecha importante para quienes se sienten representados por la figura del ex presidente.&nbsp;<\/p>\n\n\n\n<p>\u00a0 Es por esto que <strong>Walter Correa<\/strong>, Diputado por el Frente de Todos y dirigente de Moreno, <strong>difundi\u00f3 desde sus redes sociales la invitaci\u00f3n a un \u201cCaravanazo\u201d por el d\u00eda de la militancia.\u00a0<\/strong><\/p>\n\n\n\n<p>\u00a0 A su vez,<strong> resalt\u00f3 que el mismo d\u00eda se va a tratar en la C\u00e1mara de Diputados un aporte extraordinario de las grandes fortunas<\/strong>.\u00a0<\/p>\n\n\n\n<figure class=\"wp-block-image size-large\"><img loading=\"lazy\" decoding=\"async\" width=\"663\" height=\"755\" src=\"https:\/\/morenoprimero.com.ar\/wp-content\/uploads\/2020\/11\/caravanazo-correa.jpg\" alt=\"\" class=\"wp-image-5514\" srcset=\"https:\/\/morenoprimero.com.ar\/archivo\/wp-content\/uploads\/2020\/11\/caravanazo-correa.jpg 663w, https:\/\/morenoprimero.com.ar\/archivo\/wp-content\/uploads\/2020\/11\/caravanazo-correa-263x300.jpg 263w\" sizes=\"auto, (max-width: 663px) 100vw, 663px\" \/><\/figure>\n\n\n\n<p>\u00a0 A la iniciativa difundida por el diputado se suma la propuesta del bloque del Frente de Todos, un d\u00eda antes del 17 de noviembre, con Jornadas Solidarias.\u00a0<\/p>\n","protected":false},"excerpt":{"rendered":"<p>La iniciativa es por el d\u00eda de la militancia que conmemora el d\u00eda que Per\u00f3n regres\u00f3 luego de su largo exilio de 18 a\u00f1os. &nbsp; El 17 de noviembre se conmemora el primer regreso de Juan Domingo Per\u00f3n luego de &hellip; <a href=\"https:\/\/morenoprimero.com.ar\/archivo\/walter-correa-invita-a-participar-de-un-caravanazo\/\">Sigue leyendo <span class=\"meta-nav\">&rarr;<\/span><\/a><\/p>\n","protected":false},"author":6,"featured_media":5515,"comment_status":"open","ping_status":"open","sticky":false,"template":"","format":"standard","meta":{"footnotes":""},"categories":[21,20],"tags":[1112,28,666,6,29],"class_list":["post-5511","post","type-post","status-publish","format-standard","has-post-thumbnail","hentry","category-interes-general","category-sociedad","tag-dia-del-militante","tag-frente-de-todos","tag-frente-de-todos-moreno","tag-moreno","tag-walter-correa"],"_links":{"self":[{"href":"https:\/\/morenoprimero.com.ar\/archivo\/wp-json\/wp\/v2\/posts\/5511","targetHints":{"allow":["GET"]}}],"collection":[{"href":"https:\/\/morenoprimero.com.ar\/archivo\/wp-json\/wp\/v2\/posts"}],"about":[{"href":"https:\/\/morenoprimero.com.ar\/archivo\/wp-json\/wp\/v2\/types\/post"}],"author":[{"embeddable":true,"href":"https:\/\/morenoprimero.com.ar\/archivo\/wp-json\/wp\/v2\/users\/6"}],"replies":[{"embeddable":true,"href":"https:\/\/morenoprimero.com.ar\/archivo\/wp-json\/wp\/v2\/comments?post=5511"}],"version-history":[{"count":2,"href":"https:\/\/morenoprimero.com.ar\/archivo\/wp-json\/wp\/v2\/posts\/5511\/revisions"}],"predecessor-version":[{"id":5517,"href":"https:\/\/morenoprimero.com.ar\/archivo\/wp-json\/wp\/v2\/posts\/5511\/revisions\/5517"}],"wp:featuredmedia":[{"embeddable":true,"href":"https:\/\/morenoprimero.com.ar\/archivo\/wp-json\/wp\/v2\/media\/5515"}],"wp:attachment":[{"href":"https:\/\/morenoprimero.com.ar\/archivo\/wp-json\/wp\/v2\/media?parent=5511"}],"wp:term":[{"taxonomy":"category","embeddable":true,"href":"https:\/\/morenoprimero.com.ar\/archivo\/wp-json\/wp\/v2\/categories?post=5511"},{"taxonomy":"post_tag","embeddable":true,"href":"https:\/\/morenoprimero.com.ar\/archivo\/wp-json\/wp\/v2\/tags?post=5511"}],"curies":[{"name":"wp","href":"https:\/\/api.w.org\/{rel}","templated":true}]}}