{"id":5488,"date":"2020-11-16T17:05:46","date_gmt":"2020-11-16T17:05:46","guid":{"rendered":"https:\/\/morenoprimero.com.ar\/?p=5488"},"modified":"2020-11-16T17:05:47","modified_gmt":"2020-11-16T17:05:47","slug":"la-empresa-de-motos-corven-se-instala-en-moreno","status":"publish","type":"post","link":"https:\/\/morenoprimero.com.ar\/archivo\/la-empresa-de-motos-corven-se-instala-en-moreno\/","title":{"rendered":"LA EMPRESA DE MOTOS CORVEN SE INSTALA EN MORENO"},"content":{"rendered":"\n<h4 class=\"wp-block-heading\">La llegada de la empresa al municipio promete m\u00e1s de 200 puestos de trabajo para las y los vecinos de Moreno. <\/h4>\n\n\n\n<figure class=\"wp-block-image size-large\"><img loading=\"lazy\" decoding=\"async\" width=\"960\" height=\"720\" src=\"https:\/\/morenoprimero.com.ar\/wp-content\/uploads\/2020\/11\/CORVEN.jpg\" alt=\"\" class=\"wp-image-5489\" srcset=\"https:\/\/morenoprimero.com.ar\/archivo\/wp-content\/uploads\/2020\/11\/CORVEN.jpg 960w, https:\/\/morenoprimero.com.ar\/archivo\/wp-content\/uploads\/2020\/11\/CORVEN-300x225.jpg 300w, https:\/\/morenoprimero.com.ar\/archivo\/wp-content\/uploads\/2020\/11\/CORVEN-768x576.jpg 768w\" sizes=\"auto, (max-width: 960px) 100vw, 960px\" \/><\/figure>\n\n\n\n<p><strong>La Coordinaci\u00f3n de Industria y Comercio del IMDEL<\/strong> (Instituto Municipal de Desarrollo Econ\u00f3mico y Local) asisti\u00f3 a la empresa <strong>Corven<\/strong> en el proceso de radicaci\u00f3n de su planta de fabricaci\u00f3n de motos y bicicletas en Moreno.<\/p>\n\n\n\n<p> Con un alto porcentaje de integraci\u00f3n de partes nacionales, su llegada <strong>promete m\u00e1s de 200 puestos de trabajo para vecinas y vecinos de nuestra comunidad<\/strong>.<\/p>\n\n\n\n<p>Fuente: IMDEL Moreno.<\/p>\n\n\n\n<p><\/p>\n","protected":false},"excerpt":{"rendered":"<p>La llegada de la empresa al municipio promete m\u00e1s de 200 puestos de trabajo para las y los vecinos de Moreno. La Coordinaci\u00f3n de Industria y Comercio del IMDEL (Instituto Municipal de Desarrollo Econ\u00f3mico y Local) asisti\u00f3 a la empresa &hellip; <a href=\"https:\/\/morenoprimero.com.ar\/archivo\/la-empresa-de-motos-corven-se-instala-en-moreno\/\">Sigue leyendo <span class=\"meta-nav\">&rarr;<\/span><\/a><\/p>\n","protected":false},"author":6,"featured_media":5490,"comment_status":"open","ping_status":"open","sticky":false,"template":"","format":"standard","meta":{"footnotes":""},"categories":[926,20],"tags":[1118,242],"class_list":["post-5488","post","type-post","status-publish","format-standard","has-post-thumbnail","hentry","category-economia","category-sociedad","tag-corven","tag-imdel"],"_links":{"self":[{"href":"https:\/\/morenoprimero.com.ar\/archivo\/wp-json\/wp\/v2\/posts\/5488","targetHints":{"allow":["GET"]}}],"collection":[{"href":"https:\/\/morenoprimero.com.ar\/archivo\/wp-json\/wp\/v2\/posts"}],"about":[{"href":"https:\/\/morenoprimero.com.ar\/archivo\/wp-json\/wp\/v2\/types\/post"}],"author":[{"embeddable":true,"href":"https:\/\/morenoprimero.com.ar\/archivo\/wp-json\/wp\/v2\/users\/6"}],"replies":[{"embeddable":true,"href":"https:\/\/morenoprimero.com.ar\/archivo\/wp-json\/wp\/v2\/comments?post=5488"}],"version-history":[{"count":1,"href":"https:\/\/morenoprimero.com.ar\/archivo\/wp-json\/wp\/v2\/posts\/5488\/revisions"}],"predecessor-version":[{"id":5491,"href":"https:\/\/morenoprimero.com.ar\/archivo\/wp-json\/wp\/v2\/posts\/5488\/revisions\/5491"}],"wp:featuredmedia":[{"embeddable":true,"href":"https:\/\/morenoprimero.com.ar\/archivo\/wp-json\/wp\/v2\/media\/5490"}],"wp:attachment":[{"href":"https:\/\/morenoprimero.com.ar\/archivo\/wp-json\/wp\/v2\/media?parent=5488"}],"wp:term":[{"taxonomy":"category","embeddable":true,"href":"https:\/\/morenoprimero.com.ar\/archivo\/wp-json\/wp\/v2\/categories?post=5488"},{"taxonomy":"post_tag","embeddable":true,"href":"https:\/\/morenoprimero.com.ar\/archivo\/wp-json\/wp\/v2\/tags?post=5488"}],"curies":[{"name":"wp","href":"https:\/\/api.w.org\/{rel}","templated":true}]}}