{"id":5324,"date":"2020-11-12T16:40:26","date_gmt":"2020-11-12T16:40:26","guid":{"rendered":"https:\/\/morenoprimero.com.ar\/?p=5324"},"modified":"2020-11-12T16:40:26","modified_gmt":"2020-11-12T16:40:26","slug":"alberto-fernandez-se-mantendra-aislado-a-pesar-de-darle-negativo-el-hisopado","status":"publish","type":"post","link":"https:\/\/morenoprimero.com.ar\/archivo\/alberto-fernandez-se-mantendra-aislado-a-pesar-de-darle-negativo-el-hisopado\/","title":{"rendered":"ALBERTO FERN\u00c1NDEZ SE MANTENDR\u00c1 AISLADO A PESAR DE DARLE NEGATIVO EL HISOPADO"},"content":{"rendered":"\n<h4 class=\"wp-block-heading\">El Presidente se someti\u00f3 al test tras haber dado positiva una prueba al secretario de Asuntos Estrat\u00e9gicos de la Presidencia, Gustavo Beliz.<\/h4>\n\n\n\n<figure class=\"wp-block-image size-large\"><img loading=\"lazy\" decoding=\"async\" width=\"1004\" height=\"565\" src=\"https:\/\/morenoprimero.com.ar\/wp-content\/uploads\/2020\/11\/albrto.jpg\" alt=\"\" class=\"wp-image-5325\" srcset=\"https:\/\/morenoprimero.com.ar\/archivo\/wp-content\/uploads\/2020\/11\/albrto.jpg 1004w, https:\/\/morenoprimero.com.ar\/archivo\/wp-content\/uploads\/2020\/11\/albrto-300x169.jpg 300w, https:\/\/morenoprimero.com.ar\/archivo\/wp-content\/uploads\/2020\/11\/albrto-768x432.jpg 768w\" sizes=\"auto, (max-width: 1004px) 100vw, 1004px\" \/><\/figure>\n\n\n\n<p>El presidente Alberto Fern\u00e1ndez dio negativo al test de coronavirus por ser contacto estrecho del secretario de asuntos estrat\u00e9gicos de la presidencia, Gustavo Beliz. La casa rosada inform\u00f3 que se aislar\u00e1 en la residencia de Olivos.<\/p>\n\n\n\n<figure class=\"wp-block-embed-twitter wp-block-embed is-type-rich is-provider-twitter\"><div class=\"wp-block-embed__wrapper\">\n<blockquote class=\"twitter-tweet\" data-width=\"550\" data-dnt=\"true\"><p lang=\"es\" dir=\"ltr\">Me realic\u00e9 un hisopado cuyo resultado fue negativo. A pesar de ello, como venimos recomendando, es importante el aislamiento preventivo para interrumpir los contagios.<br><br>Me encuentro bien, sin s\u00edntomas de ning\u00fan tipo. Les agradezco a todos y todas la preocupaci\u00f3n.<\/p>&mdash; Alberto Fern\u00e1ndez (@alferdez) <a href=\"https:\/\/twitter.com\/alferdez\/status\/1326689919666958336?ref_src=twsrc%5Etfw\">November 12, 2020<\/a><\/blockquote><script async src=\"https:\/\/platform.twitter.com\/widgets.js\" charset=\"utf-8\"><\/script>\n<\/div><\/figure>\n\n\n\n<p>Tambi\u00e9n deber\u00e1n aislarse el ministro de Relaciones Exteriores, Comercio Internacional y Culto, <strong>Felipe Sol\u00e1<\/strong>; el ministro del Interior, <strong>Eduardo De Pedro<\/strong>; la ministra de las Mujeres, G\u00e9neros y Diversidad, <strong>Elizabeth G\u00f3mez Alcorta<\/strong>; el ministro de Cultura, <strong>Trist\u00e1n Bauer<\/strong>; el Secretario General de la Presidencia, <strong>Julio Vitobello<\/strong>; el secretario de Comunicaci\u00f3n y Prensa, <strong>Juan<\/strong> <strong>Pablo Biondi<\/strong>, y el diputado nacional <strong>Eduardo Vald\u00e9s<\/strong>.<\/p>\n\n\n\n<p>El seguimiento y monitoreo estar\u00e1 a cargo de la <strong>Unidad M\u00e9dica Presidencial<\/strong> y ning\u00fan funcionario present\u00f3 s\u00edntomas hasta ahora, agregaron los informantes.<\/p>\n\n\n\n<p><strong>El contacto estrecho del Presidente fue con B\u00e9liz<\/strong>, quien se contagi\u00f3 de un familiar conviviente que mostr\u00f3 s\u00edntomas el domingo y dio positivo de coronavirus el martes pasado, se\u00f1alaron las fuentes oficiales.<\/p>\n\n\n\n<p><strong>B\u00e9liz<\/strong> form\u00f3 parte de la comitiva argentina que viaj\u00f3 el s\u00e1bado a la tarde a Bolivia para la asunci\u00f3n del nuevo presidente de aquel pa\u00eds, <strong>Luis Arce<\/strong>, el domingo pasado.<\/p>\n\n\n\n<p>La comitiva estuvo compuesta por los funcionarios ahora aislados y tambi\u00e9n por el senador <strong>Jorge Taiana<\/strong> y el exembajador en Bolivia<strong> Ariel Basteiro.<\/strong><\/p>\n\n\n\n<p>Fuente: T\u00e9lam. <\/p>\n","protected":false},"excerpt":{"rendered":"<p>El Presidente se someti\u00f3 al test tras haber dado positiva una prueba al secretario de Asuntos Estrat\u00e9gicos de la Presidencia, Gustavo Beliz. El presidente Alberto Fern\u00e1ndez dio negativo al test de coronavirus por ser contacto estrecho del secretario de asuntos &hellip; <a href=\"https:\/\/morenoprimero.com.ar\/archivo\/alberto-fernandez-se-mantendra-aislado-a-pesar-de-darle-negativo-el-hisopado\/\">Sigue leyendo <span class=\"meta-nav\">&rarr;<\/span><\/a><\/p>\n","protected":false},"author":6,"featured_media":5325,"comment_status":"open","ping_status":"open","sticky":false,"template":"","format":"standard","meta":{"footnotes":""},"categories":[27],"tags":[659,1085,1086],"class_list":["post-5324","post","type-post","status-publish","format-standard","has-post-thumbnail","hentry","category-politica","tag-covid19","tag-fernandez-aislado","tag-gustavo-beliz"],"_links":{"self":[{"href":"https:\/\/morenoprimero.com.ar\/archivo\/wp-json\/wp\/v2\/posts\/5324","targetHints":{"allow":["GET"]}}],"collection":[{"href":"https:\/\/morenoprimero.com.ar\/archivo\/wp-json\/wp\/v2\/posts"}],"about":[{"href":"https:\/\/morenoprimero.com.ar\/archivo\/wp-json\/wp\/v2\/types\/post"}],"author":[{"embeddable":true,"href":"https:\/\/morenoprimero.com.ar\/archivo\/wp-json\/wp\/v2\/users\/6"}],"replies":[{"embeddable":true,"href":"https:\/\/morenoprimero.com.ar\/archivo\/wp-json\/wp\/v2\/comments?post=5324"}],"version-history":[{"count":1,"href":"https:\/\/morenoprimero.com.ar\/archivo\/wp-json\/wp\/v2\/posts\/5324\/revisions"}],"predecessor-version":[{"id":5326,"href":"https:\/\/morenoprimero.com.ar\/archivo\/wp-json\/wp\/v2\/posts\/5324\/revisions\/5326"}],"wp:featuredmedia":[{"embeddable":true,"href":"https:\/\/morenoprimero.com.ar\/archivo\/wp-json\/wp\/v2\/media\/5325"}],"wp:attachment":[{"href":"https:\/\/morenoprimero.com.ar\/archivo\/wp-json\/wp\/v2\/media?parent=5324"}],"wp:term":[{"taxonomy":"category","embeddable":true,"href":"https:\/\/morenoprimero.com.ar\/archivo\/wp-json\/wp\/v2\/categories?post=5324"},{"taxonomy":"post_tag","embeddable":true,"href":"https:\/\/morenoprimero.com.ar\/archivo\/wp-json\/wp\/v2\/tags?post=5324"}],"curies":[{"name":"wp","href":"https:\/\/api.w.org\/{rel}","templated":true}]}}