{"id":5293,"date":"2020-11-12T16:29:38","date_gmt":"2020-11-12T16:29:38","guid":{"rendered":"https:\/\/morenoprimero.com.ar\/?p=5293"},"modified":"2020-11-13T11:07:10","modified_gmt":"2020-11-13T11:07:10","slug":"el-14-de-noviembre-finaliza-la-inscripcion-en-la-universidad-nacional-de-moreno","status":"publish","type":"post","link":"https:\/\/morenoprimero.com.ar\/archivo\/el-14-de-noviembre-finaliza-la-inscripcion-en-la-universidad-nacional-de-moreno\/","title":{"rendered":"EL 14 DE NOVIEMBRE FINALIZA LA INSCRIPCI\u00d3N EN LA UNIVERSIDAD NACIONAL DE MORENO"},"content":{"rendered":"\n<h4 class=\"wp-block-heading\"> Debido al contexto de pandemia los formularios se presentan de forma digital. <\/h4>\n\n\n\n<p>&nbsp; Este s\u00e1bado 14 de noviembre finaliza la inscripci\u00f3n al ciclo lectivo 2021 de la Universidad Nacional de Moreno.&nbsp;&nbsp;<\/p>\n\n\n\n<p>&nbsp; Debido al contexto de pandemia, la documentaci\u00f3n ser\u00e1 recibida en forma condicional y adjuntada al Formulario de Preinscripci\u00f3n.&nbsp;&nbsp;<\/p>\n\n\n\n<p>&nbsp; Toda la documentaci\u00f3n se debe encontrar digitalizada al momento de realizar la inscripci\u00f3n y disponible en la computadora personal o dispositivo del aspirante para facilitar la carga.&nbsp;<\/p>\n\n\n\n<p>&nbsp; &nbsp;Una vez que se ampl\u00eden las medidas dispuestas por el gobierno para mitigar el coronavirus, se deber\u00e1 entregar de forma presencial toda la documentaci\u00f3n requerida seg\u00fan el caso, junto al formulario de preinscripci\u00f3n impreso.&nbsp;<\/p>\n\n\n\n<p>&nbsp;Para m\u00e1s informaci\u00f3n sobre los requisitos para la inscripci\u00f3n ingresa en este&nbsp;<a href=\"http:\/\/www.unm.edu.ar\/index.php\/ingresantes\/documentacion-requerida\" target=\"_blank\" rel=\"noreferrer noopener\">enlace<\/a>.&nbsp;<\/p>\n","protected":false},"excerpt":{"rendered":"<p>Debido al contexto de pandemia los formularios se presentan de forma digital. &nbsp; Este s\u00e1bado 14 de noviembre finaliza la inscripci\u00f3n al ciclo lectivo 2021 de la Universidad Nacional de Moreno.&nbsp;&nbsp; &nbsp; Debido al contexto de pandemia, la documentaci\u00f3n ser\u00e1 &hellip; <a href=\"https:\/\/morenoprimero.com.ar\/archivo\/el-14-de-noviembre-finaliza-la-inscripcion-en-la-universidad-nacional-de-moreno\/\">Sigue leyendo <span class=\"meta-nav\">&rarr;<\/span><\/a><\/p>\n","protected":false},"author":6,"featured_media":3914,"comment_status":"open","ping_status":"open","sticky":false,"template":"","format":"standard","meta":{"footnotes":""},"categories":[578,21,20],"tags":[57,192,699,6,607,84],"class_list":["post-5293","post","type-post","status-publish","format-standard","has-post-thumbnail","hentry","category-educacion","category-interes-general","category-sociedad","tag-educacion","tag-educacion-publica","tag-inscripcion","tag-moreno","tag-universidad-nacional-de-moreno","tag-unm"],"_links":{"self":[{"href":"https:\/\/morenoprimero.com.ar\/archivo\/wp-json\/wp\/v2\/posts\/5293","targetHints":{"allow":["GET"]}}],"collection":[{"href":"https:\/\/morenoprimero.com.ar\/archivo\/wp-json\/wp\/v2\/posts"}],"about":[{"href":"https:\/\/morenoprimero.com.ar\/archivo\/wp-json\/wp\/v2\/types\/post"}],"author":[{"embeddable":true,"href":"https:\/\/morenoprimero.com.ar\/archivo\/wp-json\/wp\/v2\/users\/6"}],"replies":[{"embeddable":true,"href":"https:\/\/morenoprimero.com.ar\/archivo\/wp-json\/wp\/v2\/comments?post=5293"}],"version-history":[{"count":1,"href":"https:\/\/morenoprimero.com.ar\/archivo\/wp-json\/wp\/v2\/posts\/5293\/revisions"}],"predecessor-version":[{"id":5295,"href":"https:\/\/morenoprimero.com.ar\/archivo\/wp-json\/wp\/v2\/posts\/5293\/revisions\/5295"}],"wp:featuredmedia":[{"embeddable":true,"href":"https:\/\/morenoprimero.com.ar\/archivo\/wp-json\/wp\/v2\/media\/3914"}],"wp:attachment":[{"href":"https:\/\/morenoprimero.com.ar\/archivo\/wp-json\/wp\/v2\/media?parent=5293"}],"wp:term":[{"taxonomy":"category","embeddable":true,"href":"https:\/\/morenoprimero.com.ar\/archivo\/wp-json\/wp\/v2\/categories?post=5293"},{"taxonomy":"post_tag","embeddable":true,"href":"https:\/\/morenoprimero.com.ar\/archivo\/wp-json\/wp\/v2\/tags?post=5293"}],"curies":[{"name":"wp","href":"https:\/\/api.w.org\/{rel}","templated":true}]}}