{"id":5250,"date":"2020-11-11T10:21:00","date_gmt":"2020-11-11T10:21:00","guid":{"rendered":"https:\/\/morenoprimero.com.ar\/?p=5250"},"modified":"2021-01-04T11:26:59","modified_gmt":"2021-01-04T11:26:59","slug":"usurpan-la-casa-de-sabina-sotelo-madre-de-victor-el-frente-vital","status":"publish","type":"post","link":"https:\/\/morenoprimero.com.ar\/archivo\/usurpan-la-casa-de-sabina-sotelo-madre-de-victor-el-frente-vital\/","title":{"rendered":"INTENTAN USURPAR LA CASA DONDE NACI\u00d3 V\u00cdCTOR \u00abEL FRENTE\u00bb VITAL"},"content":{"rendered":"\n<h4 class=\"wp-block-heading\">Sabina Sotelo, madre de Vital, denuncia que intentan usupar la casa ubicada en San Fernando, propiedad de su difunto ex-marido. Vieron a m\u00e1s de seis personas descargando arena y ladrillos, entre ellos, empleados municipales.<\/h4>\n\n\n\n<figure class=\"wp-block-image size-large is-resized\"><img loading=\"lazy\" decoding=\"async\" src=\"https:\/\/morenoprimero.com.ar\/wp-content\/uploads\/2020\/11\/sotelo3.jpg\" alt=\"\" class=\"wp-image-5251\" width=\"579\" height=\"434\" srcset=\"https:\/\/morenoprimero.com.ar\/archivo\/wp-content\/uploads\/2020\/11\/sotelo3.jpg 320w, https:\/\/morenoprimero.com.ar\/archivo\/wp-content\/uploads\/2020\/11\/sotelo3-300x225.jpg 300w\" sizes=\"auto, (max-width: 579px) 100vw, 579px\" \/><\/figure>\n\n\n\n<p><strong>Sabina Sotelo<\/strong> <strong>denuncia que un grupo de personas quieren usurpar una propiedad de su difunto ex marido<\/strong>, donde naci\u00f3 su hijo V\u00edctor el \u00abFrente\u00bb Vital &#8211;<a rel=\"noreferrer noopener\" href=\"https:\/\/www.clarin.com\/policiales\/historia-frente-vital-ladron-convirtio-cancion-andres-calamaro_0_CUg0HSX8.html\" target=\"_blank\">fusilado por la Polic\u00eda Bonaerense en 1999 y reconocido como un santo popular post mortem<\/a>&#8211; y que le corresponde a su hija Graciana Be\u00e1triz Vital.<\/p>\n\n\n\n<p>El ex marido de Sabina habr\u00eda prestado el sector del&nbsp;garage&nbsp;para trabajarlo como taller mec\u00e1nico y ahora ese grupo de personas rompieron la persiana, ingresaron y quieren quedarse con la propiedad. La mujer se acerc\u00f3 al lugar&nbsp;y vio como<strong> seis hombres estaban descargando bolsones de arena y ladrillos para construir algo m\u00e1s dentro del sector donde funcionaba el&nbsp;taller&nbsp;mec\u00e1nico.&nbsp;&nbsp;<\/strong><\/p>\n\n\n\n<p>\u00ab<strong>En esta casa naci\u00f3 el Frente Vital, lo abandon\u00f3 el Estado, lo abandon\u00f3 el Municipio, y ahora devuelta otra vez empleados municipales en el medio, yo ya no tengo edad para estar renegando, parece que se me pega la injusticia<\/strong>\u00ab, expres\u00f3 Sotelo.<\/p>\n\n\n\n<p>La familia que estaba bajo cuidado de la propiedad, cuenta que hace pocos d\u00edas notaron que unos hombres quer\u00edan usurpar el&nbsp;garage de al lado, conectado con el hogar. Sabina y su hija Graciana aseguran que los usurpadores \u00ab<strong>tienen papeles truchos nosotras estamos haciendo la sucesi\u00f3n, est\u00e1n todos los papeles en el Juzgado N\u00ba 1 de San Isidro<\/strong>.\u00bb<\/p>\n\n\n\n<p>Ojal\u00e1, esta vez la Justicia le llegue a la familia Vital. <\/p>\n","protected":false},"excerpt":{"rendered":"<p>Sabina Sotelo, madre de Vital, denuncia que intentan usupar la casa ubicada en San Fernando, propiedad de su difunto ex-marido. Vieron a m\u00e1s de seis personas descargando arena y ladrillos, entre ellos, empleados municipales. Sabina Sotelo denuncia que un grupo &hellip; <a href=\"https:\/\/morenoprimero.com.ar\/archivo\/usurpan-la-casa-de-sabina-sotelo-madre-de-victor-el-frente-vital\/\">Sigue leyendo <span class=\"meta-nav\">&rarr;<\/span><\/a><\/p>\n","protected":false},"author":6,"featured_media":5277,"comment_status":"open","ping_status":"open","sticky":false,"template":"","format":"standard","meta":{"footnotes":""},"categories":[8,20],"tags":[1078,1073,478,1072],"class_list":["post-5250","post","type-post","status-publish","format-standard","has-post-thumbnail","hentry","category-policiales","category-sociedad","tag-el-frente-vital","tag-san-fernando","tag-toma-de-tierras","tag-usurpacion-de-propiedad"],"_links":{"self":[{"href":"https:\/\/morenoprimero.com.ar\/archivo\/wp-json\/wp\/v2\/posts\/5250","targetHints":{"allow":["GET"]}}],"collection":[{"href":"https:\/\/morenoprimero.com.ar\/archivo\/wp-json\/wp\/v2\/posts"}],"about":[{"href":"https:\/\/morenoprimero.com.ar\/archivo\/wp-json\/wp\/v2\/types\/post"}],"author":[{"embeddable":true,"href":"https:\/\/morenoprimero.com.ar\/archivo\/wp-json\/wp\/v2\/users\/6"}],"replies":[{"embeddable":true,"href":"https:\/\/morenoprimero.com.ar\/archivo\/wp-json\/wp\/v2\/comments?post=5250"}],"version-history":[{"count":7,"href":"https:\/\/morenoprimero.com.ar\/archivo\/wp-json\/wp\/v2\/posts\/5250\/revisions"}],"predecessor-version":[{"id":5280,"href":"https:\/\/morenoprimero.com.ar\/archivo\/wp-json\/wp\/v2\/posts\/5250\/revisions\/5280"}],"wp:featuredmedia":[{"embeddable":true,"href":"https:\/\/morenoprimero.com.ar\/archivo\/wp-json\/wp\/v2\/media\/5277"}],"wp:attachment":[{"href":"https:\/\/morenoprimero.com.ar\/archivo\/wp-json\/wp\/v2\/media?parent=5250"}],"wp:term":[{"taxonomy":"category","embeddable":true,"href":"https:\/\/morenoprimero.com.ar\/archivo\/wp-json\/wp\/v2\/categories?post=5250"},{"taxonomy":"post_tag","embeddable":true,"href":"https:\/\/morenoprimero.com.ar\/archivo\/wp-json\/wp\/v2\/tags?post=5250"}],"curies":[{"name":"wp","href":"https:\/\/api.w.org\/{rel}","templated":true}]}}