{"id":5178,"date":"2020-11-09T11:17:22","date_gmt":"2020-11-09T11:17:22","guid":{"rendered":"https:\/\/morenoprimero.com.ar\/?p=5178"},"modified":"2020-11-09T11:23:45","modified_gmt":"2020-11-09T11:23:45","slug":"parte-oficial-111-casos-nuevos-y-2-muertes-por-covid-en-moreno","status":"publish","type":"post","link":"https:\/\/morenoprimero.com.ar\/archivo\/parte-oficial-111-casos-nuevos-y-2-muertes-por-covid-en-moreno\/","title":{"rendered":"PARTE OFICIAL: 51 CASOS NUEVOS Y UNA MUERTE POR COVID EN MORENO"},"content":{"rendered":"\n<h2 class=\"wp-block-heading\">En total hay suman 18912 casos confirmados, 1243 casos activos y 507 fallecimientos. As\u00ed lo informa la Secretar\u00eda de Salud local.<\/h2>\n\n\n\n<p>Al d\u00eda 8 de noviembre, en el Municipio de Moreno hay 51 nuevos casos confirmados, 86 personas recuperadas y una defunci\u00f3n. En total, suman 18912casos confirmados, 2189 casos sospechosos y 23122 casos descartados.<\/p>\n\n\n\n<p>La defunci\u00f3n que se suma se trata de un hombre de 74 a\u00f1os con antecedentes de hipertensi\u00f3n arterial.<\/p>\n\n\n\n<p><br>De los casos positivos hay 1243 activos que cumplen con las medidas de aislamiento obligatorio hospitalarias y domiciliarias, 17162 personas recuperadas a quienes se les realizaron los hisopados correspondientes que certificaron la ausencia del virus y han acontecido 507 decesos.<\/p>\n\n\n\n<div class=\"wp-block-file\"><a href=\"https:\/\/morenoprimero.com.ar\/wp-content\/uploads\/2020\/11\/Parte-08.11.pdf\">Parte-08.11<\/a><a href=\"https:\/\/morenoprimero.com.ar\/wp-content\/uploads\/2020\/11\/Parte-08.11.pdf\" class=\"wp-block-file__button\" download>Descarga<\/a><\/div>\n\n\n","protected":false},"excerpt":{"rendered":"<p>En total hay suman 18912 casos confirmados, 1243 casos activos y 507 fallecimientos. As\u00ed lo informa la Secretar\u00eda de Salud local. Al d\u00eda 8 de noviembre, en el Municipio de Moreno hay 51 nuevos casos confirmados, 86 personas recuperadas y &hellip; <a href=\"https:\/\/morenoprimero.com.ar\/archivo\/parte-oficial-111-casos-nuevos-y-2-muertes-por-covid-en-moreno\/\">Sigue leyendo <span class=\"meta-nav\">&rarr;<\/span><\/a><\/p>\n","protected":false},"author":6,"featured_media":5185,"comment_status":"open","ping_status":"open","sticky":false,"template":"","format":"standard","meta":{"footnotes":""},"categories":[5,536,20],"tags":[26,702,94,568],"class_list":["post-5178","post","type-post","status-publish","format-standard","has-post-thumbnail","hentry","category-recomendadas","category-salud","category-sociedad","tag-coronavirus","tag-coronavirus-en-moreno","tag-covid-19","tag-reporte-covid-19"],"_links":{"self":[{"href":"https:\/\/morenoprimero.com.ar\/archivo\/wp-json\/wp\/v2\/posts\/5178","targetHints":{"allow":["GET"]}}],"collection":[{"href":"https:\/\/morenoprimero.com.ar\/archivo\/wp-json\/wp\/v2\/posts"}],"about":[{"href":"https:\/\/morenoprimero.com.ar\/archivo\/wp-json\/wp\/v2\/types\/post"}],"author":[{"embeddable":true,"href":"https:\/\/morenoprimero.com.ar\/archivo\/wp-json\/wp\/v2\/users\/6"}],"replies":[{"embeddable":true,"href":"https:\/\/morenoprimero.com.ar\/archivo\/wp-json\/wp\/v2\/comments?post=5178"}],"version-history":[{"count":2,"href":"https:\/\/morenoprimero.com.ar\/archivo\/wp-json\/wp\/v2\/posts\/5178\/revisions"}],"predecessor-version":[{"id":5186,"href":"https:\/\/morenoprimero.com.ar\/archivo\/wp-json\/wp\/v2\/posts\/5178\/revisions\/5186"}],"wp:featuredmedia":[{"embeddable":true,"href":"https:\/\/morenoprimero.com.ar\/archivo\/wp-json\/wp\/v2\/media\/5185"}],"wp:attachment":[{"href":"https:\/\/morenoprimero.com.ar\/archivo\/wp-json\/wp\/v2\/media?parent=5178"}],"wp:term":[{"taxonomy":"category","embeddable":true,"href":"https:\/\/morenoprimero.com.ar\/archivo\/wp-json\/wp\/v2\/categories?post=5178"},{"taxonomy":"post_tag","embeddable":true,"href":"https:\/\/morenoprimero.com.ar\/archivo\/wp-json\/wp\/v2\/tags?post=5178"}],"curies":[{"name":"wp","href":"https:\/\/api.w.org\/{rel}","templated":true}]}}