{"id":5173,"date":"2020-11-09T11:13:12","date_gmt":"2020-11-09T11:13:12","guid":{"rendered":"https:\/\/morenoprimero.com.ar\/?p=5173"},"modified":"2020-11-09T11:13:12","modified_gmt":"2020-11-09T11:13:12","slug":"se-inauguro-el-segundo-parque-agroecologico-en-moreno","status":"publish","type":"post","link":"https:\/\/morenoprimero.com.ar\/archivo\/se-inauguro-el-segundo-parque-agroecologico-en-moreno\/","title":{"rendered":"SE INAUGUR\u00d3 EL SEGUNDO PARQUE AGROECOL\u00d3GICO EN MORENO"},"content":{"rendered":"\n<p>Se trata de un proyecto del gobierno municipal que se realiza con el objetivo de producir alimentos de cercan\u00eda, generar empleo y evitar el avance de la urbanizaci\u00f3n.<\/p>\n\n\n\n<p>La tarde del viernes 6 de noviembre se inaugur\u00f3 el segundo Parque Agrario Agroecol\u00f3gico morenense con la presencia de Mar\u00eda Gim\u00e9nez, Administradora del IMDEL, acompa\u00f1ada por Javier Cernada, Jefe de gabinete de la Subsecretar\u00eda de Desarrollo Agrario y Calidad Agroalimentaria del Ministerio de Desarrollo Agrario de la Provincia; productoras y productores locales y de La Plata; y vecinas y vecinos de la comunidad.<\/p>\n\n\n\n<p>El Parque est\u00e1 ubicado en la localidad de Trujui y cuenta con 17 hect\u00e1reas. El objetivo es poner en producci\u00f3n toda tierra ociosa susceptible al avance de la urbanizaci\u00f3n, para generar alimentos agroecol\u00f3gicos de cercan\u00eda y puestos de trabajo.<\/p>\n\n\n\n<p>El Proyecto de los Parques Agrarios Agroecol\u00f3gicos fue impulsado por la intendenta Mariel Fern\u00e1ndez y aprobado en el HCD; contempla que parte de la producci\u00f3n sea donada a comedores y merenderos comunitarios. El eje central de dicho proyecto es que sea el estado el planificador del uso de la tierra en pos del bien com\u00fan: la comunidad de Moreno.<\/p>\n\n\n\n<figure class=\"wp-block-gallery columns-2 is-cropped wp-block-gallery-1 is-layout-flex wp-block-gallery-is-layout-flex\"><ul class=\"blocks-gallery-grid\"><li class=\"blocks-gallery-item\"><figure><img loading=\"lazy\" decoding=\"async\" width=\"960\" height=\"720\" src=\"https:\/\/morenoprimero.com.ar\/wp-content\/uploads\/2020\/11\/P3.jpeg\" alt=\"\" data-id=\"5175\" data-full-url=\"https:\/\/morenoprimero.com.ar\/wp-content\/uploads\/2020\/11\/P3.jpeg\" data-link=\"https:\/\/morenoprimero.com.ar\/?attachment_id=5175\" class=\"wp-image-5175\" srcset=\"https:\/\/morenoprimero.com.ar\/archivo\/wp-content\/uploads\/2020\/11\/P3.jpeg 960w, https:\/\/morenoprimero.com.ar\/archivo\/wp-content\/uploads\/2020\/11\/P3-300x225.jpeg 300w, https:\/\/morenoprimero.com.ar\/archivo\/wp-content\/uploads\/2020\/11\/P3-768x576.jpeg 768w\" sizes=\"auto, (max-width: 960px) 100vw, 960px\" \/><\/figure><\/li><li class=\"blocks-gallery-item\"><figure><img loading=\"lazy\" decoding=\"async\" width=\"960\" height=\"720\" src=\"https:\/\/morenoprimero.com.ar\/wp-content\/uploads\/2020\/11\/P2.jpeg\" alt=\"\" data-id=\"5176\" data-full-url=\"https:\/\/morenoprimero.com.ar\/wp-content\/uploads\/2020\/11\/P2.jpeg\" data-link=\"https:\/\/morenoprimero.com.ar\/?attachment_id=5176\" class=\"wp-image-5176\" srcset=\"https:\/\/morenoprimero.com.ar\/archivo\/wp-content\/uploads\/2020\/11\/P2.jpeg 960w, https:\/\/morenoprimero.com.ar\/archivo\/wp-content\/uploads\/2020\/11\/P2-300x225.jpeg 300w, https:\/\/morenoprimero.com.ar\/archivo\/wp-content\/uploads\/2020\/11\/P2-768x576.jpeg 768w\" sizes=\"auto, (max-width: 960px) 100vw, 960px\" \/><\/figure><\/li><\/ul><\/figure>\n","protected":false},"excerpt":{"rendered":"<p>Se trata de un proyecto del gobierno municipal que se realiza con el objetivo de producir alimentos de cercan\u00eda, generar empleo y evitar el avance de la urbanizaci\u00f3n. La tarde del viernes 6 de noviembre se inaugur\u00f3 el segundo Parque &hellip; <a href=\"https:\/\/morenoprimero.com.ar\/archivo\/se-inauguro-el-segundo-parque-agroecologico-en-moreno\/\">Sigue leyendo <span class=\"meta-nav\">&rarr;<\/span><\/a><\/p>\n","protected":false},"author":6,"featured_media":5174,"comment_status":"open","ping_status":"open","sticky":false,"template":"","format":"standard","meta":{"footnotes":""},"categories":[27,5,20],"tags":[950,495,6,748,106],"class_list":["post-5173","post","type-post","status-publish","format-standard","has-post-thumbnail","hentry","category-politica","category-recomendadas","category-sociedad","tag-agroecologia","tag-ambiente","tag-moreno","tag-parques-agroecologicos","tag-trujui"],"_links":{"self":[{"href":"https:\/\/morenoprimero.com.ar\/archivo\/wp-json\/wp\/v2\/posts\/5173","targetHints":{"allow":["GET"]}}],"collection":[{"href":"https:\/\/morenoprimero.com.ar\/archivo\/wp-json\/wp\/v2\/posts"}],"about":[{"href":"https:\/\/morenoprimero.com.ar\/archivo\/wp-json\/wp\/v2\/types\/post"}],"author":[{"embeddable":true,"href":"https:\/\/morenoprimero.com.ar\/archivo\/wp-json\/wp\/v2\/users\/6"}],"replies":[{"embeddable":true,"href":"https:\/\/morenoprimero.com.ar\/archivo\/wp-json\/wp\/v2\/comments?post=5173"}],"version-history":[{"count":1,"href":"https:\/\/morenoprimero.com.ar\/archivo\/wp-json\/wp\/v2\/posts\/5173\/revisions"}],"predecessor-version":[{"id":5177,"href":"https:\/\/morenoprimero.com.ar\/archivo\/wp-json\/wp\/v2\/posts\/5173\/revisions\/5177"}],"wp:featuredmedia":[{"embeddable":true,"href":"https:\/\/morenoprimero.com.ar\/archivo\/wp-json\/wp\/v2\/media\/5174"}],"wp:attachment":[{"href":"https:\/\/morenoprimero.com.ar\/archivo\/wp-json\/wp\/v2\/media?parent=5173"}],"wp:term":[{"taxonomy":"category","embeddable":true,"href":"https:\/\/morenoprimero.com.ar\/archivo\/wp-json\/wp\/v2\/categories?post=5173"},{"taxonomy":"post_tag","embeddable":true,"href":"https:\/\/morenoprimero.com.ar\/archivo\/wp-json\/wp\/v2\/tags?post=5173"}],"curies":[{"name":"wp","href":"https:\/\/api.w.org\/{rel}","templated":true}]}}