{"id":5165,"date":"2020-11-06T20:56:51","date_gmt":"2020-11-06T20:56:51","guid":{"rendered":"https:\/\/morenoprimero.com.ar\/?p=5165"},"modified":"2020-11-06T20:56:51","modified_gmt":"2020-11-06T20:56:51","slug":"hay-116-nuevos-casos-confirmados-y-dos-defunciones-por-covid-19-en-moreno","status":"publish","type":"post","link":"https:\/\/morenoprimero.com.ar\/archivo\/hay-116-nuevos-casos-confirmados-y-dos-defunciones-por-covid-19-en-moreno\/","title":{"rendered":"HAY 116 NUEVOS CASOS CONFIRMADOS Y DOS DEFUNCIONES POR COVID-19 EN MORENO"},"content":{"rendered":"\n<h4 class=\"wp-block-heading\">Las dos defunciones corresponden a un hombre de 48 (hepatopat\u00eda cr\u00f3nica) y 45 a\u00f1os, sin antecedentes en SISA (Sistema Integrado de Informaci\u00f3n Sanitaria Argentino)<\/h4>\n\n\n\n<figure class=\"wp-block-image size-large\"><img loading=\"lazy\" decoding=\"async\" width=\"800\" height=\"388\" src=\"https:\/\/morenoprimero.com.ar\/wp-content\/uploads\/2020\/11\/WhatsApp-Image-2020-11-06-at-17.22.46.jpeg\" alt=\"\" class=\"wp-image-5166\" srcset=\"https:\/\/morenoprimero.com.ar\/archivo\/wp-content\/uploads\/2020\/11\/WhatsApp-Image-2020-11-06-at-17.22.46.jpeg 800w, https:\/\/morenoprimero.com.ar\/archivo\/wp-content\/uploads\/2020\/11\/WhatsApp-Image-2020-11-06-at-17.22.46-300x146.jpeg 300w, https:\/\/morenoprimero.com.ar\/archivo\/wp-content\/uploads\/2020\/11\/WhatsApp-Image-2020-11-06-at-17.22.46-768x372.jpeg 768w\" sizes=\"auto, (max-width: 800px) 100vw, 800px\" \/><\/figure>\n\n\n\n<p>Seg\u00fan el informe sobre la situaci\u00f3n epidemiol\u00f3gica por covid-19 en Moreno hay en total 18.750 casos confirmados, 22.809 casos descartados, 16.936 recuperados y 504 defunciones.<\/p>\n\n\n\n<p>En cuanto a la letalidad, las y los m\u00e1s afectados contin\u00faan siendo los adultos mayores entre 60 y 79 a\u00f1os. En este caso, se observa una mayor mortalidad en los varones. <\/p>\n\n\n\n<p>Fuente: Municipio de Moreno prensa. <\/p>\n\n\n\n<p><\/p>\n","protected":false},"excerpt":{"rendered":"<p>Las dos defunciones corresponden a un hombre de 48 (hepatopat\u00eda cr\u00f3nica) y 45 a\u00f1os, sin antecedentes en SISA (Sistema Integrado de Informaci\u00f3n Sanitaria Argentino) Seg\u00fan el informe sobre la situaci\u00f3n epidemiol\u00f3gica por covid-19 en Moreno hay en total 18.750 casos &hellip; <a href=\"https:\/\/morenoprimero.com.ar\/archivo\/hay-116-nuevos-casos-confirmados-y-dos-defunciones-por-covid-19-en-moreno\/\">Sigue leyendo <span class=\"meta-nav\">&rarr;<\/span><\/a><\/p>\n","protected":false},"author":6,"featured_media":5167,"comment_status":"open","ping_status":"open","sticky":false,"template":"","format":"standard","meta":{"footnotes":""},"categories":[536,20],"tags":[94,1054],"class_list":["post-5165","post","type-post","status-publish","format-standard","has-post-thumbnail","hentry","category-salud","category-sociedad","tag-covid-19","tag-informe-diario"],"_links":{"self":[{"href":"https:\/\/morenoprimero.com.ar\/archivo\/wp-json\/wp\/v2\/posts\/5165","targetHints":{"allow":["GET"]}}],"collection":[{"href":"https:\/\/morenoprimero.com.ar\/archivo\/wp-json\/wp\/v2\/posts"}],"about":[{"href":"https:\/\/morenoprimero.com.ar\/archivo\/wp-json\/wp\/v2\/types\/post"}],"author":[{"embeddable":true,"href":"https:\/\/morenoprimero.com.ar\/archivo\/wp-json\/wp\/v2\/users\/6"}],"replies":[{"embeddable":true,"href":"https:\/\/morenoprimero.com.ar\/archivo\/wp-json\/wp\/v2\/comments?post=5165"}],"version-history":[{"count":1,"href":"https:\/\/morenoprimero.com.ar\/archivo\/wp-json\/wp\/v2\/posts\/5165\/revisions"}],"predecessor-version":[{"id":5168,"href":"https:\/\/morenoprimero.com.ar\/archivo\/wp-json\/wp\/v2\/posts\/5165\/revisions\/5168"}],"wp:featuredmedia":[{"embeddable":true,"href":"https:\/\/morenoprimero.com.ar\/archivo\/wp-json\/wp\/v2\/media\/5167"}],"wp:attachment":[{"href":"https:\/\/morenoprimero.com.ar\/archivo\/wp-json\/wp\/v2\/media?parent=5165"}],"wp:term":[{"taxonomy":"category","embeddable":true,"href":"https:\/\/morenoprimero.com.ar\/archivo\/wp-json\/wp\/v2\/categories?post=5165"},{"taxonomy":"post_tag","embeddable":true,"href":"https:\/\/morenoprimero.com.ar\/archivo\/wp-json\/wp\/v2\/tags?post=5165"}],"curies":[{"name":"wp","href":"https:\/\/api.w.org\/{rel}","templated":true}]}}