{"id":5139,"date":"2020-11-06T18:53:14","date_gmt":"2020-11-06T18:53:14","guid":{"rendered":"https:\/\/morenoprimero.com.ar\/?p=5139"},"modified":"2020-11-06T18:53:14","modified_gmt":"2020-11-06T18:53:14","slug":"este-lunes-se-realizara-la-jornada-de-sensibilizacion-en-genero-y-diversidad-sexual","status":"publish","type":"post","link":"https:\/\/morenoprimero.com.ar\/archivo\/este-lunes-se-realizara-la-jornada-de-sensibilizacion-en-genero-y-diversidad-sexual\/","title":{"rendered":"ESTE LUNES SE REALIZAR\u00c1 LA JORNADA DE SENSIBILIZACI\u00d3N EN G\u00c9NERO Y DIVERSIDAD SEXUAL"},"content":{"rendered":"\n<h4 class=\"wp-block-heading\">La misma est\u00e1 organizada por el Programa Provincial de Implementaci\u00f3n de Pol\u00edticas de G\u00e9nero y Diversidad Sexual en Salud y se har\u00e1 este 9 de noviembre de 10 a 13 horas.<\/h4>\n\n\n\n<figure class=\"wp-block-image size-large\"><img loading=\"lazy\" decoding=\"async\" width=\"1024\" height=\"341\" src=\"https:\/\/morenoprimero.com.ar\/wp-content\/uploads\/2020\/11\/ministerio-de-salud-PBA-1-1024x341.jpg\" alt=\"\" class=\"wp-image-5143\" srcset=\"https:\/\/morenoprimero.com.ar\/archivo\/wp-content\/uploads\/2020\/11\/ministerio-de-salud-PBA-1-1024x341.jpg 1024w, https:\/\/morenoprimero.com.ar\/archivo\/wp-content\/uploads\/2020\/11\/ministerio-de-salud-PBA-1-300x100.jpg 300w, https:\/\/morenoprimero.com.ar\/archivo\/wp-content\/uploads\/2020\/11\/ministerio-de-salud-PBA-1-768x256.jpg 768w, https:\/\/morenoprimero.com.ar\/archivo\/wp-content\/uploads\/2020\/11\/ministerio-de-salud-PBA-1.jpg 1500w\" sizes=\"auto, (max-width: 1024px) 100vw, 1024px\" \/><\/figure>\n\n\n\n<p>Este lunes 9 de noviembre se realizar\u00e1 una jornada de sensibilizaci\u00f3n en g\u00e9nero y diversidad sexual que se llevar\u00e1 a cabo de 10 a 13 horas.<\/p>\n\n\n\n<p> Para poder inscribirse, se deber\u00e1 completar este formulario en el siguiente link: <a href=\"https:\/\/docs.google.com\/forms\/d\/e\/1FAIpQLScIXnNItMUIHVldTZ6IoYmH_N9nTxreXqVLKqUi0qdr_jwGDg\/viewform\">https:\/\/docs.google.com\/forms\/d\/e\/1FAIpQLScIXnNItMUIHVldTZ6IoYmH_N9nTxreXqVLKqUi0qdr_jwGDg\/viewform <\/a> <\/p>\n\n\n\n<p>La misma est\u00e1 organizada por el Programa Provincial de Implementaci\u00f3n de Pol\u00edticas de G\u00e9nero y Diversidad Sexual en Salud y est\u00e1 destinado a Equipos de Efectores de Salud del Primer y Segundo Nivel.<\/p>\n\n\n\n<p>Fuente: Maternidad Estela de Carlotto Prensa. <\/p>\n\n\n\n<p><\/p>\n\n\n\n<p><\/p>\n\n\n\n<p><\/p>\n","protected":false},"excerpt":{"rendered":"<p>La misma est\u00e1 organizada por el Programa Provincial de Implementaci\u00f3n de Pol\u00edticas de G\u00e9nero y Diversidad Sexual en Salud y se har\u00e1 este 9 de noviembre de 10 a 13 horas. Este lunes 9 de noviembre se realizar\u00e1 una jornada &hellip; <a href=\"https:\/\/morenoprimero.com.ar\/archivo\/este-lunes-se-realizara-la-jornada-de-sensibilizacion-en-genero-y-diversidad-sexual\/\">Sigue leyendo <span class=\"meta-nav\">&rarr;<\/span><\/a><\/p>\n","protected":false},"author":6,"featured_media":5141,"comment_status":"open","ping_status":"open","sticky":false,"template":"","format":"standard","meta":{"footnotes":""},"categories":[536,1,20],"tags":[1050,1049,23],"class_list":["post-5139","post","type-post","status-publish","format-standard","has-post-thumbnail","hentry","category-salud","category-sin-categoria","category-sociedad","tag-diversidad","tag-genero-3","tag-salud"],"_links":{"self":[{"href":"https:\/\/morenoprimero.com.ar\/archivo\/wp-json\/wp\/v2\/posts\/5139","targetHints":{"allow":["GET"]}}],"collection":[{"href":"https:\/\/morenoprimero.com.ar\/archivo\/wp-json\/wp\/v2\/posts"}],"about":[{"href":"https:\/\/morenoprimero.com.ar\/archivo\/wp-json\/wp\/v2\/types\/post"}],"author":[{"embeddable":true,"href":"https:\/\/morenoprimero.com.ar\/archivo\/wp-json\/wp\/v2\/users\/6"}],"replies":[{"embeddable":true,"href":"https:\/\/morenoprimero.com.ar\/archivo\/wp-json\/wp\/v2\/comments?post=5139"}],"version-history":[{"count":5,"href":"https:\/\/morenoprimero.com.ar\/archivo\/wp-json\/wp\/v2\/posts\/5139\/revisions"}],"predecessor-version":[{"id":5150,"href":"https:\/\/morenoprimero.com.ar\/archivo\/wp-json\/wp\/v2\/posts\/5139\/revisions\/5150"}],"wp:featuredmedia":[{"embeddable":true,"href":"https:\/\/morenoprimero.com.ar\/archivo\/wp-json\/wp\/v2\/media\/5141"}],"wp:attachment":[{"href":"https:\/\/morenoprimero.com.ar\/archivo\/wp-json\/wp\/v2\/media?parent=5139"}],"wp:term":[{"taxonomy":"category","embeddable":true,"href":"https:\/\/morenoprimero.com.ar\/archivo\/wp-json\/wp\/v2\/categories?post=5139"},{"taxonomy":"post_tag","embeddable":true,"href":"https:\/\/morenoprimero.com.ar\/archivo\/wp-json\/wp\/v2\/tags?post=5139"}],"curies":[{"name":"wp","href":"https:\/\/api.w.org\/{rel}","templated":true}]}}