{"id":5122,"date":"2020-11-06T18:43:53","date_gmt":"2020-11-06T18:43:53","guid":{"rendered":"https:\/\/morenoprimero.com.ar\/?p=5122"},"modified":"2020-11-06T18:43:53","modified_gmt":"2020-11-06T18:43:53","slug":"transmitiran-un-programa-especial-en-la-tv-publica-por-el-dia-del-orgullo-lgtttiq","status":"publish","type":"post","link":"https:\/\/morenoprimero.com.ar\/archivo\/transmitiran-un-programa-especial-en-la-tv-publica-por-el-dia-del-orgullo-lgtttiq\/","title":{"rendered":"TRANSMITIR\u00c1N UN PROGRAMA ESPECIAL EN LA TV P\u00daBLICA POR EL D\u00cdA DEL ORGULLO LGTTTIQ+:"},"content":{"rendered":"\n<h4 class=\"wp-block-heading\">La transmisi\u00f3n se har\u00e1 a las 21 con la conducci\u00f3n de Diana Zurco, organizado por COMO (Comisi\u00f3n Organizadora).<\/h4>\n\n\n\n<figure class=\"wp-block-image size-large\"><img loading=\"lazy\" decoding=\"async\" width=\"842\" height=\"829\" src=\"https:\/\/morenoprimero.com.ar\/wp-content\/uploads\/2020\/11\/orgullo-lbtttiq2020.jpg\" alt=\"\" class=\"wp-image-5135\" srcset=\"https:\/\/morenoprimero.com.ar\/archivo\/wp-content\/uploads\/2020\/11\/orgullo-lbtttiq2020.jpg 842w, https:\/\/morenoprimero.com.ar\/archivo\/wp-content\/uploads\/2020\/11\/orgullo-lbtttiq2020-300x295.jpg 300w, https:\/\/morenoprimero.com.ar\/archivo\/wp-content\/uploads\/2020\/11\/orgullo-lbtttiq2020-768x756.jpg 768w\" sizes=\"auto, (max-width: 842px) 100vw, 842px\" \/><figcaption>Comunicado de la Tv P\u00fablica<\/figcaption><\/figure>\n\n\n\n<p>Integrada por m\u00e1s de 60 agrupaciones de la diversidad y la disidencia sexual, la <strong>Comisi\u00f3n Organizadora de la Marcha del Orgullo (COMO)<\/strong> en la <strong>Ciudad de Buenos Aires<\/strong> inform\u00f3 que, en virtud de la pandemia, la marcha ser\u00e1 virtual, \u201ccon un programa especial a transmitirse este <strong>s\u00e1bado 7 de noviembre a las 21<\/strong> horas por la <strong>TV P\u00fablica<\/strong>, con la conducci\u00f3n de <strong>Diana Zurco<\/strong>\u201d.<\/p>\n\n\n\n<p>La consigna principal de este a\u00f1o es: \u201cLey para la inclusi\u00f3n travesti-trans. Aborto legal. Estado laico\u201d.<\/p>\n\n\n\n<p>El programa especial, que es una coproducci\u00f3n de<strong> COMO y la TV P\u00fablica<\/strong>, incluir\u00e1 un homenaje a activistas de la comunidad, la historia de las <strong>Marchas del Orgullo<\/strong>, entrevistas a referentes, saludos de personalidades, el discurso pol\u00edtico central le\u00eddo por activistas de las distintas agrupaciones y tambi\u00e9n participaciones art\u00edsticas.<\/p>\n\n\n\n<p><strong>Actuar\u00e1n Valeria Cini, Karen Bennet, Federico Melioli, Hilda Lizarazu y Vicentico.<\/strong><\/p>\n\n\n\n<p><\/p>\n","protected":false},"excerpt":{"rendered":"<p>La transmisi\u00f3n se har\u00e1 a las 21 con la conducci\u00f3n de Diana Zurco, organizado por COMO (Comisi\u00f3n Organizadora). Integrada por m\u00e1s de 60 agrupaciones de la diversidad y la disidencia sexual, la Comisi\u00f3n Organizadora de la Marcha del Orgullo (COMO) &hellip; <a href=\"https:\/\/morenoprimero.com.ar\/archivo\/transmitiran-un-programa-especial-en-la-tv-publica-por-el-dia-del-orgullo-lgtttiq\/\">Sigue leyendo <span class=\"meta-nav\">&rarr;<\/span><\/a><\/p>\n","protected":false},"author":6,"featured_media":5136,"comment_status":"open","ping_status":"open","sticky":false,"template":"","format":"standard","meta":{"footnotes":""},"categories":[21,20],"tags":[1046,1048,1047],"class_list":["post-5122","post","type-post","status-publish","format-standard","has-post-thumbnail","hentry","category-interes-general","category-sociedad","tag-como","tag-marcha-del-orgullo-lgbtttiq","tag-tv-publica"],"_links":{"self":[{"href":"https:\/\/morenoprimero.com.ar\/archivo\/wp-json\/wp\/v2\/posts\/5122","targetHints":{"allow":["GET"]}}],"collection":[{"href":"https:\/\/morenoprimero.com.ar\/archivo\/wp-json\/wp\/v2\/posts"}],"about":[{"href":"https:\/\/morenoprimero.com.ar\/archivo\/wp-json\/wp\/v2\/types\/post"}],"author":[{"embeddable":true,"href":"https:\/\/morenoprimero.com.ar\/archivo\/wp-json\/wp\/v2\/users\/6"}],"replies":[{"embeddable":true,"href":"https:\/\/morenoprimero.com.ar\/archivo\/wp-json\/wp\/v2\/comments?post=5122"}],"version-history":[{"count":3,"href":"https:\/\/morenoprimero.com.ar\/archivo\/wp-json\/wp\/v2\/posts\/5122\/revisions"}],"predecessor-version":[{"id":5146,"href":"https:\/\/morenoprimero.com.ar\/archivo\/wp-json\/wp\/v2\/posts\/5122\/revisions\/5146"}],"wp:featuredmedia":[{"embeddable":true,"href":"https:\/\/morenoprimero.com.ar\/archivo\/wp-json\/wp\/v2\/media\/5136"}],"wp:attachment":[{"href":"https:\/\/morenoprimero.com.ar\/archivo\/wp-json\/wp\/v2\/media?parent=5122"}],"wp:term":[{"taxonomy":"category","embeddable":true,"href":"https:\/\/morenoprimero.com.ar\/archivo\/wp-json\/wp\/v2\/categories?post=5122"},{"taxonomy":"post_tag","embeddable":true,"href":"https:\/\/morenoprimero.com.ar\/archivo\/wp-json\/wp\/v2\/tags?post=5122"}],"curies":[{"name":"wp","href":"https:\/\/api.w.org\/{rel}","templated":true}]}}