{"id":5055,"date":"2020-11-05T18:18:46","date_gmt":"2020-11-05T18:18:46","guid":{"rendered":"https:\/\/morenoprimero.com.ar\/?p=5055"},"modified":"2020-11-05T18:18:47","modified_gmt":"2020-11-05T18:18:47","slug":"finalizo-la-relocalizacion-de-las-familias-del-predio-la-bibiana","status":"publish","type":"post","link":"https:\/\/morenoprimero.com.ar\/archivo\/finalizo-la-relocalizacion-de-las-familias-del-predio-la-bibiana\/","title":{"rendered":"FINALIZ\u00d3 LA RELOCALIZACI\u00d3N DE LAS FAMILIAS DEL PREDIO \u00abLA BIBIANA\u00bb"},"content":{"rendered":"\n<h4 class=\"wp-block-heading\">El Municipio de Moreno mediante un gran despliegue del estado local, provincial y nacional y junto a organizaciones pol\u00edticas y sociales finaliz\u00f3 la relocalizaci\u00f3n de los grupos familiares que ocupaban el predio \u201cLa Bibiana\u201d en Ruta 23 y O&#8217;Brien.<\/h4>\n\n\n\n<figure class=\"wp-block-gallery columns-3 is-cropped wp-block-gallery-1 is-layout-flex wp-block-gallery-is-layout-flex\"><ul class=\"blocks-gallery-grid\"><li class=\"blocks-gallery-item\"><figure><img loading=\"lazy\" decoding=\"async\" width=\"1024\" height=\"683\" src=\"https:\/\/morenoprimero.com.ar\/wp-content\/uploads\/2020\/11\/1_Manantiales-1024x683.jpg\" alt=\"\" data-id=\"5056\" class=\"wp-image-5056\" srcset=\"https:\/\/morenoprimero.com.ar\/archivo\/wp-content\/uploads\/2020\/11\/1_Manantiales-1024x683.jpg 1024w, https:\/\/morenoprimero.com.ar\/archivo\/wp-content\/uploads\/2020\/11\/1_Manantiales-300x200.jpg 300w, https:\/\/morenoprimero.com.ar\/archivo\/wp-content\/uploads\/2020\/11\/1_Manantiales-768x512.jpg 768w, https:\/\/morenoprimero.com.ar\/archivo\/wp-content\/uploads\/2020\/11\/1_Manantiales-1536x1024.jpg 1536w, https:\/\/morenoprimero.com.ar\/archivo\/wp-content\/uploads\/2020\/11\/1_Manantiales.jpg 1620w\" sizes=\"auto, (max-width: 1024px) 100vw, 1024px\" \/><\/figure><\/li><li class=\"blocks-gallery-item\"><figure><img loading=\"lazy\" decoding=\"async\" width=\"1024\" height=\"683\" src=\"https:\/\/morenoprimero.com.ar\/wp-content\/uploads\/2020\/11\/NoeliaSaavedra-1024x683.jpg\" alt=\"\" data-id=\"5057\" data-link=\"https:\/\/morenoprimero.com.ar\/?attachment_id=5057\" class=\"wp-image-5057\" srcset=\"https:\/\/morenoprimero.com.ar\/archivo\/wp-content\/uploads\/2020\/11\/NoeliaSaavedra-1024x683.jpg 1024w, https:\/\/morenoprimero.com.ar\/archivo\/wp-content\/uploads\/2020\/11\/NoeliaSaavedra-300x200.jpg 300w, https:\/\/morenoprimero.com.ar\/archivo\/wp-content\/uploads\/2020\/11\/NoeliaSaavedra-768x512.jpg 768w, https:\/\/morenoprimero.com.ar\/archivo\/wp-content\/uploads\/2020\/11\/NoeliaSaavedra-1536x1024.jpg 1536w, https:\/\/morenoprimero.com.ar\/archivo\/wp-content\/uploads\/2020\/11\/NoeliaSaavedra-2048x1365.jpg 2048w\" sizes=\"auto, (max-width: 1024px) 100vw, 1024px\" \/><\/figure><\/li><li class=\"blocks-gallery-item\"><figure><img loading=\"lazy\" decoding=\"async\" width=\"1024\" height=\"683\" src=\"https:\/\/morenoprimero.com.ar\/wp-content\/uploads\/2020\/11\/3_Manantiales-1024x683.jpg\" alt=\"\" data-id=\"5059\" data-link=\"https:\/\/morenoprimero.com.ar\/?attachment_id=5059\" class=\"wp-image-5059\" srcset=\"https:\/\/morenoprimero.com.ar\/archivo\/wp-content\/uploads\/2020\/11\/3_Manantiales-1024x683.jpg 1024w, https:\/\/morenoprimero.com.ar\/archivo\/wp-content\/uploads\/2020\/11\/3_Manantiales-300x200.jpg 300w, https:\/\/morenoprimero.com.ar\/archivo\/wp-content\/uploads\/2020\/11\/3_Manantiales-768x512.jpg 768w, https:\/\/morenoprimero.com.ar\/archivo\/wp-content\/uploads\/2020\/11\/3_Manantiales-1536x1024.jpg 1536w, https:\/\/morenoprimero.com.ar\/archivo\/wp-content\/uploads\/2020\/11\/3_Manantiales.jpg 1620w\" sizes=\"auto, (max-width: 1024px) 100vw, 1024px\" \/><\/figure><\/li><li class=\"blocks-gallery-item\"><figure><img loading=\"lazy\" decoding=\"async\" width=\"1024\" height=\"683\" src=\"https:\/\/morenoprimero.com.ar\/wp-content\/uploads\/2020\/11\/2_Manantiales-1-1024x683.jpg\" alt=\"\" data-id=\"5062\" data-full-url=\"https:\/\/morenoprimero.com.ar\/wp-content\/uploads\/2020\/11\/2_Manantiales-1.jpg\" data-link=\"https:\/\/morenoprimero.com.ar\/?attachment_id=5062\" class=\"wp-image-5062\" srcset=\"https:\/\/morenoprimero.com.ar\/archivo\/wp-content\/uploads\/2020\/11\/2_Manantiales-1-1024x683.jpg 1024w, https:\/\/morenoprimero.com.ar\/archivo\/wp-content\/uploads\/2020\/11\/2_Manantiales-1-300x200.jpg 300w, https:\/\/morenoprimero.com.ar\/archivo\/wp-content\/uploads\/2020\/11\/2_Manantiales-1-768x512.jpg 768w, https:\/\/morenoprimero.com.ar\/archivo\/wp-content\/uploads\/2020\/11\/2_Manantiales-1-1536x1024.jpg 1536w, https:\/\/morenoprimero.com.ar\/archivo\/wp-content\/uploads\/2020\/11\/2_Manantiales-1.jpg 1620w\" sizes=\"auto, (max-width: 1024px) 100vw, 1024px\" \/><\/figure><\/li><\/ul><\/figure>\n\n\n\n<p>La reubicaci\u00f3n comenz\u00f3 el <strong>13 de octubre y al d\u00eda de hoy los 128 grupos familiares <\/strong>se retiraron de forma voluntaria y pac\u00edfica; acompa\u00f1ados por el Municipio en el desarme, traslado e instalaci\u00f3n en los lotes asignados del barrio Manantiales, los cuales comenzar\u00e1n a pagar en dos a\u00f1os.<\/p>\n\n\n\n<p>\u201c<strong>A trav\u00e9s de entrevistas en la que escuchamos en profundidad la situaci\u00f3n de cada familia, y de la respuesta habitacional que dimos, pudimos generar una sensaci\u00f3n de alivio para la mayor\u00eda de las ellas, ya que dejan atr\u00e1s la angustia y la incertidumbre sobre cu\u00e1nto tiempo iban a poder habitar La Bibiana. Ahora tienen un lugar propio, donde pueden proyectar su vida y su hogar<\/strong>\u201d, explic\u00f3 la<strong> Secretaria de Desarrollo Comunitario, Noelia Saavedra, quien estuvo a cargo del operativo<\/strong>, y destac\u00f3 que: \u201cDurante el proceso se respetaron los derechos de todas las partes y le pedimos al propietario del predio La Bibiana que se haga cargo del cuidado del mismo.\u201d<\/p>\n\n\n\n<p>\u201cAgradecida porque nos reubicaron, donde ellos \u2013por sus hijos- se pueden quedar tranquilos\u201d; \u201cRecib\u00ed mucho apoyo gracias a dios, era lo que quer\u00edamos, era lo que busc\u00e1bamos\u201d ; \u201cEst\u00e1 bueno esto, algo que te quita el nudo de la garganta, tenes posibilidades de proyectar\u201d, expresaron integrantes de las vecinas y vecinos reubicados en <strong>Manantiales<\/strong>.<\/p>\n\n\n\n<p><strong>El predio que habitaban las familias en la Ruta 23, hab\u00eda sido ocupado durante noviembre del 2019 y la actual gesti\u00f3n municipal se propuso resolver desde el primer d\u00eda<\/strong>. Luego de meses de arduo trabajo, el gobierno de Mariel Fern\u00e1ndez finaliz\u00f3 la relocalizaci\u00f3n, y en este sentido, sostiene como pol\u00edtica central que el uso del suelo debe ser planificado por el Estado en beneficio del bien com\u00fan.<\/p>\n\n\n\n<p>Fuente: Municipio de Moreno Prensa.<\/p>\n","protected":false},"excerpt":{"rendered":"<p>El Municipio de Moreno mediante un gran despliegue del estado local, provincial y nacional y junto a organizaciones pol\u00edticas y sociales finaliz\u00f3 la relocalizaci\u00f3n de los grupos familiares que ocupaban el predio \u201cLa Bibiana\u201d en Ruta 23 y O&#8217;Brien. La &hellip; <a href=\"https:\/\/morenoprimero.com.ar\/archivo\/finalizo-la-relocalizacion-de-las-familias-del-predio-la-bibiana\/\">Sigue leyendo <span class=\"meta-nav\">&rarr;<\/span><\/a><\/p>\n","protected":false},"author":6,"featured_media":5061,"comment_status":"open","ping_status":"open","sticky":false,"template":"","format":"standard","meta":{"footnotes":""},"categories":[27,20],"tags":[1037,102,977],"class_list":["post-5055","post","type-post","status-publish","format-standard","has-post-thumbnail","hentry","category-politica","category-sociedad","tag-manantiales","tag-municipio-de-moreno","tag-relocalizacion"],"_links":{"self":[{"href":"https:\/\/morenoprimero.com.ar\/archivo\/wp-json\/wp\/v2\/posts\/5055","targetHints":{"allow":["GET"]}}],"collection":[{"href":"https:\/\/morenoprimero.com.ar\/archivo\/wp-json\/wp\/v2\/posts"}],"about":[{"href":"https:\/\/morenoprimero.com.ar\/archivo\/wp-json\/wp\/v2\/types\/post"}],"author":[{"embeddable":true,"href":"https:\/\/morenoprimero.com.ar\/archivo\/wp-json\/wp\/v2\/users\/6"}],"replies":[{"embeddable":true,"href":"https:\/\/morenoprimero.com.ar\/archivo\/wp-json\/wp\/v2\/comments?post=5055"}],"version-history":[{"count":1,"href":"https:\/\/morenoprimero.com.ar\/archivo\/wp-json\/wp\/v2\/posts\/5055\/revisions"}],"predecessor-version":[{"id":5063,"href":"https:\/\/morenoprimero.com.ar\/archivo\/wp-json\/wp\/v2\/posts\/5055\/revisions\/5063"}],"wp:featuredmedia":[{"embeddable":true,"href":"https:\/\/morenoprimero.com.ar\/archivo\/wp-json\/wp\/v2\/media\/5061"}],"wp:attachment":[{"href":"https:\/\/morenoprimero.com.ar\/archivo\/wp-json\/wp\/v2\/media?parent=5055"}],"wp:term":[{"taxonomy":"category","embeddable":true,"href":"https:\/\/morenoprimero.com.ar\/archivo\/wp-json\/wp\/v2\/categories?post=5055"},{"taxonomy":"post_tag","embeddable":true,"href":"https:\/\/morenoprimero.com.ar\/archivo\/wp-json\/wp\/v2\/tags?post=5055"}],"curies":[{"name":"wp","href":"https:\/\/api.w.org\/{rel}","templated":true}]}}