{"id":5031,"date":"2020-11-05T18:19:43","date_gmt":"2020-11-05T18:19:43","guid":{"rendered":"https:\/\/morenoprimero.com.ar\/?p=5031"},"modified":"2020-11-05T18:19:43","modified_gmt":"2020-11-05T18:19:43","slug":"se-haran-testeos-de-vih-y-sifilis-en-la-plaza-san-martin-de-9-a-13-horas","status":"publish","type":"post","link":"https:\/\/morenoprimero.com.ar\/archivo\/se-haran-testeos-de-vih-y-sifilis-en-la-plaza-san-martin-de-9-a-13-horas\/","title":{"rendered":"SE HAR\u00c1N TESTEOS DE VIH Y S\u00cdFILIS EN LA PLAZA SAN MART\u00cdN DE 9 A 13 HORAS"},"content":{"rendered":"\n<h4 class=\"wp-block-heading\">El Equipo del Centro de Enfermedades Transmisibles realizar\u00e1 testeos los s\u00e1bados 7 y 21 de noviembre. <\/h4>\n\n\n\n<figure class=\"wp-block-image size-large\"><img loading=\"lazy\" decoding=\"async\" width=\"1024\" height=\"1024\" src=\"https:\/\/morenoprimero.com.ar\/wp-content\/uploads\/2020\/11\/WhatsApp-Image-2020-11-05-at-11.43.39-1024x1024.jpeg\" alt=\"\" class=\"wp-image-5032\" srcset=\"https:\/\/morenoprimero.com.ar\/archivo\/wp-content\/uploads\/2020\/11\/WhatsApp-Image-2020-11-05-at-11.43.39-1024x1024.jpeg 1024w, https:\/\/morenoprimero.com.ar\/archivo\/wp-content\/uploads\/2020\/11\/WhatsApp-Image-2020-11-05-at-11.43.39-300x300.jpeg 300w, https:\/\/morenoprimero.com.ar\/archivo\/wp-content\/uploads\/2020\/11\/WhatsApp-Image-2020-11-05-at-11.43.39-150x150.jpeg 150w, https:\/\/morenoprimero.com.ar\/archivo\/wp-content\/uploads\/2020\/11\/WhatsApp-Image-2020-11-05-at-11.43.39-768x768.jpeg 768w, https:\/\/morenoprimero.com.ar\/archivo\/wp-content\/uploads\/2020\/11\/WhatsApp-Image-2020-11-05-at-11.43.39.jpeg 1080w\" sizes=\"auto, (max-width: 1024px) 100vw, 1024px\" \/><\/figure>\n\n\n\n<p>El 7 y 21 de noviembre se realizar\u00e1n testeos de VIH y S\u00edfilis en la Plaza San Mart\u00edn de Moreno centro. <\/p>\n\n\n\n<p>El testeo est\u00e1 a cargo del Equipo del Centro de Enfermedades Transmisibles y se realizar\u00e1 en Avenida Libertador y Mitre de 9 a 13 horas.<\/p>\n\n\n\n<p>Cabe recordar que este testeo es gratuito y confidencial para todas las personas que deseen realizarlo. <\/p>\n","protected":false},"excerpt":{"rendered":"<p>El Equipo del Centro de Enfermedades Transmisibles realizar\u00e1 testeos los s\u00e1bados 7 y 21 de noviembre. El 7 y 21 de noviembre se realizar\u00e1n testeos de VIH y S\u00edfilis en la Plaza San Mart\u00edn de Moreno centro. El testeo est\u00e1 &hellip; <a href=\"https:\/\/morenoprimero.com.ar\/archivo\/se-haran-testeos-de-vih-y-sifilis-en-la-plaza-san-martin-de-9-a-13-horas\/\">Sigue leyendo <span class=\"meta-nav\">&rarr;<\/span><\/a><\/p>\n","protected":false},"author":6,"featured_media":5032,"comment_status":"open","ping_status":"open","sticky":false,"template":"","format":"standard","meta":{"footnotes":""},"categories":[536,20],"tags":[342,1032],"class_list":["post-5031","post","type-post","status-publish","format-standard","has-post-thumbnail","hentry","category-salud","category-sociedad","tag-moreno-centro","tag-testeo-de-vih-y-sifilis"],"_links":{"self":[{"href":"https:\/\/morenoprimero.com.ar\/archivo\/wp-json\/wp\/v2\/posts\/5031","targetHints":{"allow":["GET"]}}],"collection":[{"href":"https:\/\/morenoprimero.com.ar\/archivo\/wp-json\/wp\/v2\/posts"}],"about":[{"href":"https:\/\/morenoprimero.com.ar\/archivo\/wp-json\/wp\/v2\/types\/post"}],"author":[{"embeddable":true,"href":"https:\/\/morenoprimero.com.ar\/archivo\/wp-json\/wp\/v2\/users\/6"}],"replies":[{"embeddable":true,"href":"https:\/\/morenoprimero.com.ar\/archivo\/wp-json\/wp\/v2\/comments?post=5031"}],"version-history":[{"count":1,"href":"https:\/\/morenoprimero.com.ar\/archivo\/wp-json\/wp\/v2\/posts\/5031\/revisions"}],"predecessor-version":[{"id":5033,"href":"https:\/\/morenoprimero.com.ar\/archivo\/wp-json\/wp\/v2\/posts\/5031\/revisions\/5033"}],"wp:featuredmedia":[{"embeddable":true,"href":"https:\/\/morenoprimero.com.ar\/archivo\/wp-json\/wp\/v2\/media\/5032"}],"wp:attachment":[{"href":"https:\/\/morenoprimero.com.ar\/archivo\/wp-json\/wp\/v2\/media?parent=5031"}],"wp:term":[{"taxonomy":"category","embeddable":true,"href":"https:\/\/morenoprimero.com.ar\/archivo\/wp-json\/wp\/v2\/categories?post=5031"},{"taxonomy":"post_tag","embeddable":true,"href":"https:\/\/morenoprimero.com.ar\/archivo\/wp-json\/wp\/v2\/tags?post=5031"}],"curies":[{"name":"wp","href":"https:\/\/api.w.org\/{rel}","templated":true}]}}