{"id":5023,"date":"2020-11-05T18:20:01","date_gmt":"2020-11-05T18:20:01","guid":{"rendered":"https:\/\/morenoprimero.com.ar\/?p=5023"},"modified":"2020-11-05T18:20:11","modified_gmt":"2020-11-05T18:20:11","slug":"a-traves-del-boletin-oficial-se-modificaron-los-requisitos-para-el-cobro-de-la-auh","status":"publish","type":"post","link":"https:\/\/morenoprimero.com.ar\/archivo\/a-traves-del-boletin-oficial-se-modificaron-los-requisitos-para-el-cobro-de-la-auh\/","title":{"rendered":"SE MODIFICARON LOS REQUISITOS PARA EL COBRO DE LA AUH"},"content":{"rendered":"\n<h4 class=\"wp-block-heading\"><strong>Habr\u00e1 un mill\u00f3n de nuevos y nuevas beneficiarias para cobrar la Asignaci\u00f3n Universal por Hijo.<\/strong><\/h4>\n\n\n\n<figure class=\"wp-block-image size-large\"><img loading=\"lazy\" decoding=\"async\" width=\"1024\" height=\"732\" src=\"https:\/\/morenoprimero.com.ar\/wp-content\/uploads\/2020\/11\/AFern\u00e1ndez-y-FRaverta-1024x732.png\" alt=\"\" class=\"wp-image-5026\" srcset=\"https:\/\/morenoprimero.com.ar\/archivo\/wp-content\/uploads\/2020\/11\/AFern\u00e1ndez-y-FRaverta-1024x732.png 1024w, https:\/\/morenoprimero.com.ar\/archivo\/wp-content\/uploads\/2020\/11\/AFern\u00e1ndez-y-FRaverta-300x214.png 300w, https:\/\/morenoprimero.com.ar\/archivo\/wp-content\/uploads\/2020\/11\/AFern\u00e1ndez-y-FRaverta-768x549.png 768w, https:\/\/morenoprimero.com.ar\/archivo\/wp-content\/uploads\/2020\/11\/AFern\u00e1ndez-y-FRaverta.png 1322w\" sizes=\"auto, (max-width: 1024px) 100vw, 1024px\" \/><\/figure>\n\n\n\n<p>Para acceder a la Asignaci\u00f3n Universal por Hijo se requerir\u00e1:<\/p>\n\n\n\n<ul class=\"wp-block-list\"><li>Que la ni\u00f1a, el ni\u00f1o, adolescente y\/o la persona con discapacidad sea argentino o argentina nativo o nativa, naturalizado o naturalizada o por opci\u00f3n. Cuando la ni\u00f1a, el ni\u00f1o, adolescente y\/o la persona con discapacidad y sus progenitores o sus progenitoras o las personas que los o las tengan a cargo sean extranjeros o extranjeras, deber\u00e1n acreditar tanto la ni\u00f1a, el ni\u00f1o, adolescente y\/o la persona con discapacidad como \u00e9l o la titular que percibir\u00e1 la Asignaci\u00f3n, DOS (2) a\u00f1os de residencia legal en el pa\u00eds.<\/li><li>Acreditar la identidad del o de la titular del beneficio y de la ni\u00f1a, del ni\u00f1o, adolescente y\/o persona con discapacidad, mediante Documento Nacional de Identidad.<\/li><li>Acreditar que la persona que percibir\u00e1 el beneficio tiene a su cargo a la ni\u00f1a, al ni\u00f1o, adolescente y\/o persona con discapacidad, en funci\u00f3n de las disposiciones del C\u00f3digo Civil y Comercial de la Naci\u00f3n y de conformidad con la documentaci\u00f3n que la ADMINISTRACI\u00d3N NACIONAL DE LA SEGURIDAD SOCIAL (<strong>ANSES<\/strong>) disponga a estos fines.<\/li><li>La acreditaci\u00f3n de la condici\u00f3n de discapacidad ser\u00e1 determinada en los t\u00e9rminos del <strong>art\u00edculo 2\u00ba de la Ley N\u00ba 22.431<\/strong>, certificada por autoridad competente.<\/li><li>Hasta los CUATRO (4) a\u00f1os de edad -inclusive-, deber\u00e1 acreditarse el cumplimiento de los controles sanitarios y del plan de vacunaci\u00f3n obligatorio. Desde los CINCO (5) a\u00f1os de edad y hasta los DIECIOCHO (18) a\u00f1os, deber\u00e1 acreditarse adem\u00e1s la concurrencia de las ni\u00f1as, los ni\u00f1os y adolescentes obligatoriamente a establecimientos educativos p\u00fablicos.<\/li><li>Acreditar que \u00e9l o la titular del beneficio y la ni\u00f1a, el ni\u00f1o, adolescente y\/o persona con discapacidad residen en el pa\u00eds.<\/li><\/ul>\n","protected":false},"excerpt":{"rendered":"<p>Habr\u00e1 un mill\u00f3n de nuevos y nuevas beneficiarias para cobrar la Asignaci\u00f3n Universal por Hijo. Para acceder a la Asignaci\u00f3n Universal por Hijo se requerir\u00e1: Que la ni\u00f1a, el ni\u00f1o, adolescente y\/o la persona con discapacidad sea argentino o argentina &hellip; <a href=\"https:\/\/morenoprimero.com.ar\/archivo\/a-traves-del-boletin-oficial-se-modificaron-los-requisitos-para-el-cobro-de-la-auh\/\">Sigue leyendo <span class=\"meta-nav\">&rarr;<\/span><\/a><\/p>\n","protected":false},"author":6,"featured_media":5026,"comment_status":"open","ping_status":"open","sticky":false,"template":"","format":"standard","meta":{"footnotes":""},"categories":[926,20],"tags":[36,117,1031],"class_list":["post-5023","post","type-post","status-publish","format-standard","has-post-thumbnail","hentry","category-economia","category-sociedad","tag-anses","tag-auh","tag-nuevos-requisitos"],"_links":{"self":[{"href":"https:\/\/morenoprimero.com.ar\/archivo\/wp-json\/wp\/v2\/posts\/5023","targetHints":{"allow":["GET"]}}],"collection":[{"href":"https:\/\/morenoprimero.com.ar\/archivo\/wp-json\/wp\/v2\/posts"}],"about":[{"href":"https:\/\/morenoprimero.com.ar\/archivo\/wp-json\/wp\/v2\/types\/post"}],"author":[{"embeddable":true,"href":"https:\/\/morenoprimero.com.ar\/archivo\/wp-json\/wp\/v2\/users\/6"}],"replies":[{"embeddable":true,"href":"https:\/\/morenoprimero.com.ar\/archivo\/wp-json\/wp\/v2\/comments?post=5023"}],"version-history":[{"count":2,"href":"https:\/\/morenoprimero.com.ar\/archivo\/wp-json\/wp\/v2\/posts\/5023\/revisions"}],"predecessor-version":[{"id":5078,"href":"https:\/\/morenoprimero.com.ar\/archivo\/wp-json\/wp\/v2\/posts\/5023\/revisions\/5078"}],"wp:featuredmedia":[{"embeddable":true,"href":"https:\/\/morenoprimero.com.ar\/archivo\/wp-json\/wp\/v2\/media\/5026"}],"wp:attachment":[{"href":"https:\/\/morenoprimero.com.ar\/archivo\/wp-json\/wp\/v2\/media?parent=5023"}],"wp:term":[{"taxonomy":"category","embeddable":true,"href":"https:\/\/morenoprimero.com.ar\/archivo\/wp-json\/wp\/v2\/categories?post=5023"},{"taxonomy":"post_tag","embeddable":true,"href":"https:\/\/morenoprimero.com.ar\/archivo\/wp-json\/wp\/v2\/tags?post=5023"}],"curies":[{"name":"wp","href":"https:\/\/api.w.org\/{rel}","templated":true}]}}