{"id":4945,"date":"2020-11-04T16:54:53","date_gmt":"2020-11-04T16:54:53","guid":{"rendered":"https:\/\/morenoprimero.com.ar\/?p=4945"},"modified":"2020-11-04T16:54:54","modified_gmt":"2020-11-04T16:54:54","slug":"acuerdan-el-retomar-visitas-a-las-carceles-desde-el-14-de-noviembre","status":"publish","type":"post","link":"https:\/\/morenoprimero.com.ar\/archivo\/acuerdan-el-retomar-visitas-a-las-carceles-desde-el-14-de-noviembre\/","title":{"rendered":"ACUERDAN EL RETOMAR VISITAS A LAS C\u00c1RCELES DESDE EL 14 DE NOVIEMBRE"},"content":{"rendered":"\n<h4 class=\"wp-block-heading\">La decisi\u00f3n se tom\u00f3 luego de una jornada de protestas en diferentes unidades penitenciarias bonaerenses<\/h4>\n\n\n\n<p>&nbsp; Los encuentros se suspendieron el 12 de marzo en acuerdo conjunto entre autoridades e internos. El acuerdo inclu\u00eda el uso de celulares para comunicarse y mantener video llamadas con la finalidad de no cortar el v\u00ednculo con sus familias.&nbsp;<\/p>\n\n\n\n<p>\u00a0 <strong>A ra\u00edz de una jornada de protestas por parte de los presos en distintos penales bonaerenses,<\/strong> el Gobierno bonaerense, representantes del Poder Judicial y referentes de organizaciones de derechos humanos <strong>acordaron la habilitaci\u00f3n de las visitas presenciales de familiares de detenidos a partir del 14 de noviembre.\u00a0<\/strong><\/p>\n\n\n\n<p>\u00a0 Las protestas se realizaron en las c\u00e1rceles bonaerenses de Melchor Romero, Florencio Varela, Campana y San Mart\u00edn.\u00a0 <strong>Los presos subieron a los techos de los penales y hubo incidentes.<\/strong> Seg\u00fan la informaci\u00f3n transmitida desde provincia, la situaci\u00f3n fue tranquila en varias de las c\u00e1rceles bonaerenses, mientras que el epicentro del reclamo se limit\u00f3 a las Unidades 46 y 48 de San Mart\u00edn, donde hubo un enfermero, tres\u00a0mujeres\u00a0y cinco hombres celadores de rehenes que ya se encuentran liberados.\u00a0<\/p>\n\n\n\n<p>\u00a0<strong> Debido a la situaci\u00f3n, se conformaron mesas de di\u00e1logo en dichos penales <\/strong>donde participaron autoridades del Ministerio de Justicia y Derechos Humanos de la provincia de Buenos Aires,<strong> <\/strong>representantes del Poder Judicial, organizaciones de derechos humanos y representantes de los presos. <strong>All\u00ed se firm\u00f3 un acuerdo donde se dict\u00f3 la fecha de habilitaci\u00f3n de las visitas en las unidades penitenciarias bonaerenses<\/strong> seg\u00fan lo comunic\u00f3 el<strong> Servicio Penitenciario Bonaerense<\/strong>, adem\u00e1s, resalt\u00f3 que la habilitaci\u00f3n se dar\u00e1 bajo un \u201c<strong>estricto cumplimiento a los protocolos de seguridad sanitaria para la preservaci\u00f3n de la salud p\u00fablica<\/strong>\u201d.\u00a0<\/p>\n","protected":false},"excerpt":{"rendered":"<p>La decisi\u00f3n se tom\u00f3 luego de una jornada de protestas en diferentes unidades penitenciarias bonaerenses &nbsp; Los encuentros se suspendieron el 12 de marzo en acuerdo conjunto entre autoridades e internos. El acuerdo inclu\u00eda el uso de celulares para comunicarse &hellip; <a href=\"https:\/\/morenoprimero.com.ar\/archivo\/acuerdan-el-retomar-visitas-a-las-carceles-desde-el-14-de-noviembre\/\">Sigue leyendo <span class=\"meta-nav\">&rarr;<\/span><\/a><\/p>\n","protected":false},"author":6,"featured_media":4946,"comment_status":"open","ping_status":"open","sticky":false,"template":"","format":"standard","meta":{"footnotes":""},"categories":[21,20],"tags":[],"class_list":["post-4945","post","type-post","status-publish","format-standard","has-post-thumbnail","hentry","category-interes-general","category-sociedad"],"_links":{"self":[{"href":"https:\/\/morenoprimero.com.ar\/archivo\/wp-json\/wp\/v2\/posts\/4945","targetHints":{"allow":["GET"]}}],"collection":[{"href":"https:\/\/morenoprimero.com.ar\/archivo\/wp-json\/wp\/v2\/posts"}],"about":[{"href":"https:\/\/morenoprimero.com.ar\/archivo\/wp-json\/wp\/v2\/types\/post"}],"author":[{"embeddable":true,"href":"https:\/\/morenoprimero.com.ar\/archivo\/wp-json\/wp\/v2\/users\/6"}],"replies":[{"embeddable":true,"href":"https:\/\/morenoprimero.com.ar\/archivo\/wp-json\/wp\/v2\/comments?post=4945"}],"version-history":[{"count":1,"href":"https:\/\/morenoprimero.com.ar\/archivo\/wp-json\/wp\/v2\/posts\/4945\/revisions"}],"predecessor-version":[{"id":4948,"href":"https:\/\/morenoprimero.com.ar\/archivo\/wp-json\/wp\/v2\/posts\/4945\/revisions\/4948"}],"wp:featuredmedia":[{"embeddable":true,"href":"https:\/\/morenoprimero.com.ar\/archivo\/wp-json\/wp\/v2\/media\/4946"}],"wp:attachment":[{"href":"https:\/\/morenoprimero.com.ar\/archivo\/wp-json\/wp\/v2\/media?parent=4945"}],"wp:term":[{"taxonomy":"category","embeddable":true,"href":"https:\/\/morenoprimero.com.ar\/archivo\/wp-json\/wp\/v2\/categories?post=4945"},{"taxonomy":"post_tag","embeddable":true,"href":"https:\/\/morenoprimero.com.ar\/archivo\/wp-json\/wp\/v2\/tags?post=4945"}],"curies":[{"name":"wp","href":"https:\/\/api.w.org\/{rel}","templated":true}]}}