{"id":4904,"date":"2020-11-04T11:39:20","date_gmt":"2020-11-04T11:39:20","guid":{"rendered":"https:\/\/morenoprimero.com.ar\/?p=4904"},"modified":"2020-12-16T11:39:02","modified_gmt":"2020-12-16T11:39:02","slug":"la-comunidad-de-la-escuela-37-consiguio-posesion-legal-del-edificio","status":"publish","type":"post","link":"https:\/\/morenoprimero.com.ar\/archivo\/la-comunidad-de-la-escuela-37-consiguio-posesion-legal-del-edificio\/","title":{"rendered":"LA COMUNIDAD DE LA ESCUELA 37 CONSIGUI\u00d3 POSESI\u00d3N LEGAL DEL EDIFICIO"},"content":{"rendered":"\n<h4 class=\"wp-block-heading\"> Se trata del edificio ubicado en la intersecci\u00f3n Corval\u00e1n y Merlo.  <\/h4>\n\n\n\n<p>&nbsp; El edificio ubicado en la intersecci\u00f3n de Corval\u00e1n y Merlo est\u00e1 en disputa entre la comunidad de la escuela 37 y la Universidad Nacional de Moreno. Ambas partes coinciden con el ministro de Educaci\u00f3n, Nicol\u00e1s Trotta, que la soluci\u00f3n debe beneficiar tanto a una como a la otra.&nbsp;<\/p>\n\n\n\n<p>&nbsp; El viernes 30 de octubre, por videoconferencia,&nbsp;se reunieron las madres de la comunidad de la escuela 37, con autoridades de La Plata, la jefa distrital,Karina Ram\u00edrez y la presidenta del Consejo Escolar Sonia Beltr\u00e1n.&nbsp;<\/p>\n\n\n\n<p>&nbsp; <strong>Norma, madre de una estudiante de la escuela 37<\/strong>, explic\u00f3 a Moreno Primero:&nbsp;\u201c<strong>Nosotros vamos a hacer legalmente posesi\u00f3n del edificio<\/strong> de Corval\u00e1n y Merlo hasta que, en el mientras tanto, se construya un edificio nuevo para la escuela 37\u201d. <\/p>\n\n\n\n<p>&nbsp; De esta manera, tal como lo explica Norma, cumplieron dos objetivos que se hab\u00edan propuesto, \u201c<strong>por un lado logramos que los pibes no sean reinstalados en el edificio viejo que compart\u00edan con la escuela 24, y por el otro la construcci\u00f3n de un edificio nuevo para nuestra comunidad<\/strong>\u201d.&nbsp;<\/p>\n\n\n\n<blockquote class=\"wp-block-quote is-layout-flow wp-block-quote-is-layout-flow\"><p><strong> <\/strong>Por un lado logramos que los pibes no sean reinstalados en el edificio viejo que compart\u00edan con la escuela 24, y por el otro la construcci\u00f3n de un edificio nuevo para nuestra comunidad.<\/p><\/blockquote>\n\n\n\n<p>&nbsp; Si bien se determin\u00f3 que se construya un edificio nuevo, adecuado para la comunidad de la escuela 37, y mientras tanto se logr\u00f3 que se les garantice el edificio de Corval\u00e1n y Merlo en el caso de una inminente vuelta de las clases, <strong>todav\u00eda no hay lugar geogr\u00e1fico para el nuevo edificio<\/strong>.&nbsp;<\/p>\n\n\n\n<figure><iframe loading=\"lazy\" src=\"https:\/\/www.facebook.com\/plugins\/video.php?height=551&amp;href=https%3A%2F%2Fwww.facebook.com%2Fnorma.cordoba.33821189%2Fvideos%2F188687912721497%2F&amp;show_text=false&amp;width=560\" width=\"560\" height=\"551\" allowfullscreen=\"true\"><\/iframe><\/figure>\n\n\n\n<p>&nbsp; Por esto es que el d\u00eda 2 de noviembre tuvieron una reuni\u00f3n, las madres de los estudiantes y el director de la escuela 37, con la intendenta Mariel Fern\u00e1ndez,&nbsp;Emmanuel&nbsp;Fern\u00e1ndez, Secretario de Cultura, Educaci\u00f3n y Deportes, y Hern\u00e1n&nbsp;Borghi, Subsecretario de Educaci\u00f3n con el fin de encontrar una respuesta a la ubicaci\u00f3n del nuevo edificio.&nbsp;<\/p>\n\n\n\n<p>&nbsp; En relaci\u00f3n a esto, Norma explic\u00f3, <strong>\u201cfuimos a ver un terreno&nbsp;que no es cercano, nos queda a 15 cuadras<\/strong>. Nosotros necesitamos que sea cercano porque hay una realidad social donde los padres salimos a trabajar y nuestros hijos m\u00e1s grandes se ocupan de los m\u00e1s chicos y suelen quedarse un rato o en custodia de alguna persona cerca de ah\u00ed, y eso es una realidad que nosotros tenemos que respetar\u201d y sintetiz\u00f3, \u201c<strong>es una realidad que nosotros tenemos que respetar, hay que pensar y trabajar situado con las necesidades del territorio.<\/strong>\u201d&nbsp;<\/p>\n\n\n\n<figure class=\"wp-block-image\"><img decoding=\"async\" src=\"https:\/\/scontent.fepa1-1.fna.fbcdn.net\/v\/t1.0-9\/123135513_3754126248001082_2522982275433509761_o.jpg?_nc_cat=104&amp;ccb=2&amp;_nc_sid=730e14&amp;_nc_ohc=QT4txQFYHqsAX9yWMW2&amp;_nc_ht=scontent.fepa1-1.fna&amp;oh=b946cc8b4417cb2cf38b5d66ae0e4071&amp;oe=5FC5F323\" alt=\"\"\/><\/figure>\n\n\n\n<p>&nbsp; Por \u00faltimo, Norma aclar\u00f3, \u201c<strong>lo importante es que logramos la posesi\u00f3n legal, y as\u00ed, que nos dejen de llamar ocupas o usurpadores<\/strong>,<strong> porque nosotros nos manejamos bajo los par\u00e1metros de la legalidad, nosotros ten\u00edamos otorgado ese edificio<\/strong>\u201d.&nbsp;<\/p>\n\n\n\n<p><\/p>\n","protected":false},"excerpt":{"rendered":"<p>Se trata del edificio ubicado en la intersecci\u00f3n Corval\u00e1n y Merlo. &nbsp; El edificio ubicado en la intersecci\u00f3n de Corval\u00e1n y Merlo est\u00e1 en disputa entre la comunidad de la escuela 37 y la Universidad Nacional de Moreno. Ambas partes &hellip; <a href=\"https:\/\/morenoprimero.com.ar\/archivo\/la-comunidad-de-la-escuela-37-consiguio-posesion-legal-del-edificio\/\">Sigue leyendo <span class=\"meta-nav\">&rarr;<\/span><\/a><\/p>\n","protected":false},"author":6,"featured_media":4908,"comment_status":"open","ping_status":"open","sticky":false,"template":"","format":"standard","meta":{"footnotes":""},"categories":[578],"tags":[392,61,6],"class_list":["post-4904","post","type-post","status-publish","format-standard","has-post-thumbnail","hentry","category-educacion","tag-escuela-n37","tag-escuela-publica","tag-moreno"],"_links":{"self":[{"href":"https:\/\/morenoprimero.com.ar\/archivo\/wp-json\/wp\/v2\/posts\/4904","targetHints":{"allow":["GET"]}}],"collection":[{"href":"https:\/\/morenoprimero.com.ar\/archivo\/wp-json\/wp\/v2\/posts"}],"about":[{"href":"https:\/\/morenoprimero.com.ar\/archivo\/wp-json\/wp\/v2\/types\/post"}],"author":[{"embeddable":true,"href":"https:\/\/morenoprimero.com.ar\/archivo\/wp-json\/wp\/v2\/users\/6"}],"replies":[{"embeddable":true,"href":"https:\/\/morenoprimero.com.ar\/archivo\/wp-json\/wp\/v2\/comments?post=4904"}],"version-history":[{"count":7,"href":"https:\/\/morenoprimero.com.ar\/archivo\/wp-json\/wp\/v2\/posts\/4904\/revisions"}],"predecessor-version":[{"id":5025,"href":"https:\/\/morenoprimero.com.ar\/archivo\/wp-json\/wp\/v2\/posts\/4904\/revisions\/5025"}],"wp:featuredmedia":[{"embeddable":true,"href":"https:\/\/morenoprimero.com.ar\/archivo\/wp-json\/wp\/v2\/media\/4908"}],"wp:attachment":[{"href":"https:\/\/morenoprimero.com.ar\/archivo\/wp-json\/wp\/v2\/media?parent=4904"}],"wp:term":[{"taxonomy":"category","embeddable":true,"href":"https:\/\/morenoprimero.com.ar\/archivo\/wp-json\/wp\/v2\/categories?post=4904"},{"taxonomy":"post_tag","embeddable":true,"href":"https:\/\/morenoprimero.com.ar\/archivo\/wp-json\/wp\/v2\/tags?post=4904"}],"curies":[{"name":"wp","href":"https:\/\/api.w.org\/{rel}","templated":true}]}}