{"id":4889,"date":"2020-11-03T15:32:48","date_gmt":"2020-11-03T15:32:48","guid":{"rendered":"https:\/\/morenoprimero.com.ar\/?p=4889"},"modified":"2020-11-03T15:34:39","modified_gmt":"2020-11-03T15:34:39","slug":"situacion-epidemiologica-de-moreno-a-la-semana-44-25-de-octubre-al-1-de-noviembre","status":"publish","type":"post","link":"https:\/\/morenoprimero.com.ar\/archivo\/situacion-epidemiologica-de-moreno-a-la-semana-44-25-de-octubre-al-1-de-noviembre\/","title":{"rendered":"COVID-19 EN MORENO: LA CURVA DESCIENDE SEMANA A SEMANA"},"content":{"rendered":"\n<h4 class=\"wp-block-heading\">Hay un descenso continuo de casos positivos desde la \u00faltima semana de agosto. Actualmente se encuentra por debajo de los 600 casos semanales.<\/h4>\n\n\n\n<p>&nbsp;Al d\u00eda 2 de noviembre se confirmaron<strong> 56<\/strong> casos nuevos de coronavirus en el distrito de moreno. Los recuperados son <strong>48<\/strong> y se present\u00f3 una nueva defunci\u00f3n.&nbsp;<\/p>\n\n\n\n<figure class=\"wp-block-image size-large\"><img loading=\"lazy\" decoding=\"async\" width=\"909\" height=\"180\" src=\"https:\/\/morenoprimero.com.ar\/wp-content\/uploads\/2020\/11\/WhatsApp-Image-2020-11-03-at-12.14.03-2.jpeg\" alt=\"\" class=\"wp-image-4890\" srcset=\"https:\/\/morenoprimero.com.ar\/archivo\/wp-content\/uploads\/2020\/11\/WhatsApp-Image-2020-11-03-at-12.14.03-2.jpeg 909w, https:\/\/morenoprimero.com.ar\/archivo\/wp-content\/uploads\/2020\/11\/WhatsApp-Image-2020-11-03-at-12.14.03-2-300x59.jpeg 300w, https:\/\/morenoprimero.com.ar\/archivo\/wp-content\/uploads\/2020\/11\/WhatsApp-Image-2020-11-03-at-12.14.03-2-768x152.jpeg 768w\" sizes=\"auto, (max-width: 909px) 100vw, 909px\" \/><\/figure>\n\n\n\n<p>&nbsp; &nbsp;En total son<strong> 18364<\/strong> infectados,<strong> 16402<\/strong> los recuperados,<strong>&nbsp;2054<\/strong> casos en estudio y <strong>22160<\/strong> descartados.&nbsp;Al d\u00eda de la fecha se encuentran activos<strong> 1.471<\/strong> casos, todos con las medidas de aislamiento correspondientes (hospitalarios o domiciliarios).&nbsp;<\/p>\n\n\n\n<figure class=\"wp-block-image size-large\"><img loading=\"lazy\" decoding=\"async\" width=\"1024\" height=\"210\" src=\"https:\/\/morenoprimero.com.ar\/wp-content\/uploads\/2020\/11\/WhatsApp-Image-2020-11-03-at-12.14.03-1-1024x210.jpeg\" alt=\"\" class=\"wp-image-4891\" srcset=\"https:\/\/morenoprimero.com.ar\/archivo\/wp-content\/uploads\/2020\/11\/WhatsApp-Image-2020-11-03-at-12.14.03-1-1024x210.jpeg 1024w, https:\/\/morenoprimero.com.ar\/archivo\/wp-content\/uploads\/2020\/11\/WhatsApp-Image-2020-11-03-at-12.14.03-1-300x62.jpeg 300w, https:\/\/morenoprimero.com.ar\/archivo\/wp-content\/uploads\/2020\/11\/WhatsApp-Image-2020-11-03-at-12.14.03-1-768x158.jpeg 768w, https:\/\/morenoprimero.com.ar\/archivo\/wp-content\/uploads\/2020\/11\/WhatsApp-Image-2020-11-03-at-12.14.03-1-1536x315.jpeg 1536w, https:\/\/morenoprimero.com.ar\/archivo\/wp-content\/uploads\/2020\/11\/WhatsApp-Image-2020-11-03-at-12.14.03-1-2048x420.jpeg 2048w\" sizes=\"auto, (max-width: 1024px) 100vw, 1024px\" \/><\/figure>\n\n\n\n<p>&nbsp;Desde la semana epidemiol\u00f3gica n\u00famero 35 (\u00faltima semana de agosto), donde la curva lleg\u00f3 a superar los 1200 casos semanales, <strong>se presenta un descenso continuo semana a semana. Actualmente los casos semanales se encuentran por debajo de los 600 positivos de Covid-19<\/strong>.&nbsp;<\/p>\n\n\n\n<figure class=\"wp-block-image size-large\"><img loading=\"lazy\" decoding=\"async\" width=\"1024\" height=\"658\" src=\"https:\/\/morenoprimero.com.ar\/wp-content\/uploads\/2020\/11\/WhatsApp-Image-2020-11-03-at-12.14.03-1024x658.jpeg\" alt=\"\" class=\"wp-image-4892\" srcset=\"https:\/\/morenoprimero.com.ar\/archivo\/wp-content\/uploads\/2020\/11\/WhatsApp-Image-2020-11-03-at-12.14.03-1024x658.jpeg 1024w, https:\/\/morenoprimero.com.ar\/archivo\/wp-content\/uploads\/2020\/11\/WhatsApp-Image-2020-11-03-at-12.14.03-300x193.jpeg 300w, https:\/\/morenoprimero.com.ar\/archivo\/wp-content\/uploads\/2020\/11\/WhatsApp-Image-2020-11-03-at-12.14.03-768x494.jpeg 768w, https:\/\/morenoprimero.com.ar\/archivo\/wp-content\/uploads\/2020\/11\/WhatsApp-Image-2020-11-03-at-12.14.03.jpeg 1080w\" sizes=\"auto, (max-width: 1024px) 100vw, 1024px\" \/><\/figure>\n\n\n\n<p>&nbsp; Se observ\u00f3 el mayor incremento en la velocidad de contagios hacia inicios del mes de junio, alcanzando 40,9% el d\u00eda 11\/06, 39,4% hacia el d\u00eda 20\/06. Al d\u00eda 01\/11 la velocidad en que se incrementan los casos es del 2% cada 4 d\u00edas, lo que demuestra un <strong>enlentecimiento en la din\u00e1mica de contagios<\/strong>.<\/p>\n\n\n\n<p>&nbsp;<\/p>\n\n\n\n<figure class=\"wp-block-image size-large\"><img loading=\"lazy\" decoding=\"async\" width=\"1024\" height=\"655\" src=\"https:\/\/morenoprimero.com.ar\/wp-content\/uploads\/2020\/11\/WhatsApp-Image-2020-11-03-at-12.14.02-2-1024x655.jpeg\" alt=\"\" class=\"wp-image-4893\" srcset=\"https:\/\/morenoprimero.com.ar\/archivo\/wp-content\/uploads\/2020\/11\/WhatsApp-Image-2020-11-03-at-12.14.02-2-1024x655.jpeg 1024w, https:\/\/morenoprimero.com.ar\/archivo\/wp-content\/uploads\/2020\/11\/WhatsApp-Image-2020-11-03-at-12.14.02-2-300x192.jpeg 300w, https:\/\/morenoprimero.com.ar\/archivo\/wp-content\/uploads\/2020\/11\/WhatsApp-Image-2020-11-03-at-12.14.02-2-768x491.jpeg 768w, https:\/\/morenoprimero.com.ar\/archivo\/wp-content\/uploads\/2020\/11\/WhatsApp-Image-2020-11-03-at-12.14.02-2.jpeg 1080w\" sizes=\"auto, (max-width: 1024px) 100vw, 1024px\" \/><\/figure>\n\n\n\n<p>&nbsp; El servicio del<strong> Hospital Mariano y Luciano de la Vega<\/strong>, se encuentra a la Semana epidemiol\u00f3gica 44 con un <strong>nivel de ocupaci\u00f3n de camas del 54,8%; UTI del 73,3%, Intermedios el 61,1% y la Sala COVID del 31,3%<\/strong>.&nbsp;<\/p>\n\n\n\n<figure class=\"wp-block-image size-large\"><img loading=\"lazy\" decoding=\"async\" width=\"1024\" height=\"456\" src=\"https:\/\/morenoprimero.com.ar\/wp-content\/uploads\/2020\/11\/WhatsApp-Image-2020-11-03-at-12.14.02-1-1024x456.jpeg\" alt=\"\" class=\"wp-image-4895\" srcset=\"https:\/\/morenoprimero.com.ar\/archivo\/wp-content\/uploads\/2020\/11\/WhatsApp-Image-2020-11-03-at-12.14.02-1-1024x456.jpeg 1024w, https:\/\/morenoprimero.com.ar\/archivo\/wp-content\/uploads\/2020\/11\/WhatsApp-Image-2020-11-03-at-12.14.02-1-300x134.jpeg 300w, https:\/\/morenoprimero.com.ar\/archivo\/wp-content\/uploads\/2020\/11\/WhatsApp-Image-2020-11-03-at-12.14.02-1-768x342.jpeg 768w, https:\/\/morenoprimero.com.ar\/archivo\/wp-content\/uploads\/2020\/11\/WhatsApp-Image-2020-11-03-at-12.14.02-1.jpeg 1080w\" sizes=\"auto, (max-width: 1024px) 100vw, 1024px\" \/><\/figure>\n\n\n\n<p>  En cuanto a los casos fallecidos, se presentaron, hasta el momento <strong>491 <\/strong>fallecidos en residentes del Municipio de Moreno con COVID-19. Se observ\u00f3 una<strong> tasa de mortalidad general de 83,0 por 100.000 habitantes.<\/strong> En cuanto a los grupos edad,<strong> el m\u00e1s afectado es el de mayores de 80 a\u00f1os,<\/strong> con una tasa de 1.684,5 por 100.000 habitantes. <strong>Se observ\u00f3 que el grupo de varones representa una diferencia del 50,0% con las mujeres del mismo grupo edad (2.200,4 hombres Vs. 1.449,6 mujeres).&nbsp;&nbsp;&nbsp;<\/strong><\/p>\n\n\n\n<figure class=\"wp-block-image size-large is-resized\"><img loading=\"lazy\" decoding=\"async\" src=\"https:\/\/morenoprimero.com.ar\/wp-content\/uploads\/2020\/11\/WhatsApp-Image-2020-11-03-at-12.14.02-1024x423.jpeg\" alt=\"\" class=\"wp-image-4896\" width=\"580\" height=\"239\" srcset=\"https:\/\/morenoprimero.com.ar\/archivo\/wp-content\/uploads\/2020\/11\/WhatsApp-Image-2020-11-03-at-12.14.02-1024x423.jpeg 1024w, https:\/\/morenoprimero.com.ar\/archivo\/wp-content\/uploads\/2020\/11\/WhatsApp-Image-2020-11-03-at-12.14.02-300x124.jpeg 300w, https:\/\/morenoprimero.com.ar\/archivo\/wp-content\/uploads\/2020\/11\/WhatsApp-Image-2020-11-03-at-12.14.02-768x317.jpeg 768w, https:\/\/morenoprimero.com.ar\/archivo\/wp-content\/uploads\/2020\/11\/WhatsApp-Image-2020-11-03-at-12.14.02.jpeg 1080w\" sizes=\"auto, (max-width: 580px) 100vw, 580px\" \/><\/figure>\n\n\n\n<p><strong>Los datos son brindados por la Secretar\u00eda de Salud del Municipio de Moreno.<\/strong><\/p>\n","protected":false},"excerpt":{"rendered":"<p>Hay un descenso continuo de casos positivos desde la \u00faltima semana de agosto. Actualmente se encuentra por debajo de los 600 casos semanales. &nbsp;Al d\u00eda 2 de noviembre se confirmaron 56 casos nuevos de coronavirus en el distrito de moreno. &hellip; <a href=\"https:\/\/morenoprimero.com.ar\/archivo\/situacion-epidemiologica-de-moreno-a-la-semana-44-25-de-octubre-al-1-de-noviembre\/\">Sigue leyendo <span class=\"meta-nav\">&rarr;<\/span><\/a><\/p>\n","protected":false},"author":6,"featured_media":3835,"comment_status":"open","ping_status":"open","sticky":false,"template":"","format":"standard","meta":{"footnotes":""},"categories":[21,536,20],"tags":[94,6,17,869,652],"class_list":["post-4889","post","type-post","status-publish","format-standard","has-post-thumbnail","hentry","category-interes-general","category-salud","category-sociedad","tag-covid-19","tag-moreno","tag-pandemia","tag-reporte-semanal-de-covid-19","tag-secretaria-de-salud-2"],"_links":{"self":[{"href":"https:\/\/morenoprimero.com.ar\/archivo\/wp-json\/wp\/v2\/posts\/4889","targetHints":{"allow":["GET"]}}],"collection":[{"href":"https:\/\/morenoprimero.com.ar\/archivo\/wp-json\/wp\/v2\/posts"}],"about":[{"href":"https:\/\/morenoprimero.com.ar\/archivo\/wp-json\/wp\/v2\/types\/post"}],"author":[{"embeddable":true,"href":"https:\/\/morenoprimero.com.ar\/archivo\/wp-json\/wp\/v2\/users\/6"}],"replies":[{"embeddable":true,"href":"https:\/\/morenoprimero.com.ar\/archivo\/wp-json\/wp\/v2\/comments?post=4889"}],"version-history":[{"count":2,"href":"https:\/\/morenoprimero.com.ar\/archivo\/wp-json\/wp\/v2\/posts\/4889\/revisions"}],"predecessor-version":[{"id":4899,"href":"https:\/\/morenoprimero.com.ar\/archivo\/wp-json\/wp\/v2\/posts\/4889\/revisions\/4899"}],"wp:featuredmedia":[{"embeddable":true,"href":"https:\/\/morenoprimero.com.ar\/archivo\/wp-json\/wp\/v2\/media\/3835"}],"wp:attachment":[{"href":"https:\/\/morenoprimero.com.ar\/archivo\/wp-json\/wp\/v2\/media?parent=4889"}],"wp:term":[{"taxonomy":"category","embeddable":true,"href":"https:\/\/morenoprimero.com.ar\/archivo\/wp-json\/wp\/v2\/categories?post=4889"},{"taxonomy":"post_tag","embeddable":true,"href":"https:\/\/morenoprimero.com.ar\/archivo\/wp-json\/wp\/v2\/tags?post=4889"}],"curies":[{"name":"wp","href":"https:\/\/api.w.org\/{rel}","templated":true}]}}