{"id":4886,"date":"2020-11-03T15:35:31","date_gmt":"2020-11-03T15:35:31","guid":{"rendered":"https:\/\/morenoprimero.com.ar\/?p=4886"},"modified":"2020-11-03T15:35:31","modified_gmt":"2020-11-03T15:35:31","slug":"aborto-legal-2020-se-concentraran-frente-al-congreso-para-exigir-que-se-trate-la-ley-en-el-recinto","status":"publish","type":"post","link":"https:\/\/morenoprimero.com.ar\/archivo\/aborto-legal-2020-se-concentraran-frente-al-congreso-para-exigir-que-se-trate-la-ley-en-el-recinto\/","title":{"rendered":"ABORTO LEGAL 2020: SE CONCENTRAR\u00c1N FRENTE AL CONGRESO PARA EXIGIR QUE SE TRATE LA LEY EN EL RECINTO"},"content":{"rendered":"\n<h4 class=\"wp-block-heading\">Se realizar\u00e1 una caravana \u00abverde\u00bb desde Plaza de Mayo hacia el Congreso, integrada por distintas organizaciones feministas, para reclamar que se trate la ley por el aborto legal en el Congreso. <\/h4>\n\n\n\n<figure class=\"wp-block-image size-large\"><img loading=\"lazy\" decoding=\"async\" width=\"749\" height=\"757\" src=\"https:\/\/morenoprimero.com.ar\/wp-content\/uploads\/2020\/11\/WhatsApp-Image-2020-11-03-at-10.04.42.jpeg\" alt=\"\" class=\"wp-image-4887\" srcset=\"https:\/\/morenoprimero.com.ar\/archivo\/wp-content\/uploads\/2020\/11\/WhatsApp-Image-2020-11-03-at-10.04.42.jpeg 749w, https:\/\/morenoprimero.com.ar\/archivo\/wp-content\/uploads\/2020\/11\/WhatsApp-Image-2020-11-03-at-10.04.42-297x300.jpeg 297w\" sizes=\"auto, (max-width: 749px) 100vw, 749px\" \/><\/figure>\n\n\n\n<p>Bajo el hashtag #AbortoLegal2020 desde la <strong>Campa\u00f1a Nacional por el Derecho al Aborto Seguro, Legal y gratuito<\/strong>, junto a otras organizaciones feministas, convocaron una movilizaci\u00f3n para este mi\u00e9rcoles a las 17 horas en<strong> Plaza de Mayo<\/strong> para marchar hacia el <strong>Congreso<\/strong>, Ciudad de Buenos Aires.<\/p>\n\n\n\n<p>Si bien, el presidente <strong>Alberto Fern\u00e1ndez<\/strong> afirm\u00f3 que el env\u00edo de un proyecto al Congreso para legalizar el aborto \u00abes un compromiso\u00bb que asumi\u00f3 en campa\u00f1a a\u00fan se desconoce la fecha en la que se tratar\u00e1 dicho proyecto.<\/p>\n\n\n\n<p>Es urgente una soluci\u00f3n para las personas gestantes ya que, a pesar de la pandemia, las mujeres y disidencias siguen abortando y muriendo en condiciones inhumanas. Es por eso, que organizaciones feministas mencionan que es urgente y que es ahora cuando hay que legalizar y garantizar el acceso a un aborto seguro, legal y gratuito.<\/p>\n","protected":false},"excerpt":{"rendered":"<p>Se realizar\u00e1 una caravana \u00abverde\u00bb desde Plaza de Mayo hacia el Congreso, integrada por distintas organizaciones feministas, para reclamar que se trate la ley por el aborto legal en el Congreso. Bajo el hashtag #AbortoLegal2020 desde la Campa\u00f1a Nacional por &hellip; <a href=\"https:\/\/morenoprimero.com.ar\/archivo\/aborto-legal-2020-se-concentraran-frente-al-congreso-para-exigir-que-se-trate-la-ley-en-el-recinto\/\">Sigue leyendo <span class=\"meta-nav\">&rarr;<\/span><\/a><\/p>\n","protected":false},"author":6,"featured_media":4887,"comment_status":"open","ping_status":"open","sticky":false,"template":"","format":"standard","meta":{"footnotes":""},"categories":[27,536],"tags":[1017,645,802,1019],"class_list":["post-4886","post","type-post","status-publish","format-standard","has-post-thumbnail","hentry","category-politica","category-salud","tag-aborto-seguro-legal-y-gratuito","tag-alberto-fernandez-2","tag-congreso","tag-plaza-de-mayo"],"_links":{"self":[{"href":"https:\/\/morenoprimero.com.ar\/archivo\/wp-json\/wp\/v2\/posts\/4886","targetHints":{"allow":["GET"]}}],"collection":[{"href":"https:\/\/morenoprimero.com.ar\/archivo\/wp-json\/wp\/v2\/posts"}],"about":[{"href":"https:\/\/morenoprimero.com.ar\/archivo\/wp-json\/wp\/v2\/types\/post"}],"author":[{"embeddable":true,"href":"https:\/\/morenoprimero.com.ar\/archivo\/wp-json\/wp\/v2\/users\/6"}],"replies":[{"embeddable":true,"href":"https:\/\/morenoprimero.com.ar\/archivo\/wp-json\/wp\/v2\/comments?post=4886"}],"version-history":[{"count":1,"href":"https:\/\/morenoprimero.com.ar\/archivo\/wp-json\/wp\/v2\/posts\/4886\/revisions"}],"predecessor-version":[{"id":4888,"href":"https:\/\/morenoprimero.com.ar\/archivo\/wp-json\/wp\/v2\/posts\/4886\/revisions\/4888"}],"wp:featuredmedia":[{"embeddable":true,"href":"https:\/\/morenoprimero.com.ar\/archivo\/wp-json\/wp\/v2\/media\/4887"}],"wp:attachment":[{"href":"https:\/\/morenoprimero.com.ar\/archivo\/wp-json\/wp\/v2\/media?parent=4886"}],"wp:term":[{"taxonomy":"category","embeddable":true,"href":"https:\/\/morenoprimero.com.ar\/archivo\/wp-json\/wp\/v2\/categories?post=4886"},{"taxonomy":"post_tag","embeddable":true,"href":"https:\/\/morenoprimero.com.ar\/archivo\/wp-json\/wp\/v2\/tags?post=4886"}],"curies":[{"name":"wp","href":"https:\/\/api.w.org\/{rel}","templated":true}]}}