{"id":4878,"date":"2020-11-03T14:21:04","date_gmt":"2020-11-03T14:21:04","guid":{"rendered":"https:\/\/morenoprimero.com.ar\/?p=4878"},"modified":"2020-11-04T18:27:51","modified_gmt":"2020-11-04T18:27:51","slug":"el-hcd-trato-la-adjudicacion-de-mano-de-obra-del-servicio-de-recoleccion-de-residuos","status":"publish","type":"post","link":"https:\/\/morenoprimero.com.ar\/archivo\/el-hcd-trato-la-adjudicacion-de-mano-de-obra-del-servicio-de-recoleccion-de-residuos\/","title":{"rendered":"EL HCD TRAT\u00d3 LA ADJUDICACI\u00d3N DE MANO DE OBRA DEL SERVICIO DE RECOLECCI\u00d3N DE RESIDUOS"},"content":{"rendered":"\n<h4 class=\"wp-block-heading\">  Se trata de la adjudicaci\u00f3n de mano de obra a la cooperativa Gestionar. <\/h4>\n\n\n\n<p>Si bien la gesti\u00f3n de Mariel Fern\u00e1ndez tiene una mirada propia, integral, sobre el tratamiento de residuos,<strong> <\/strong>la coincidencia entre el oficialismo y la oposici\u00f3n se daba en la finalizaci\u00f3n del contrato que vincula hasta el 9 de noviembre a la empresa El Tr\u00e9bol con el Estado Municipal. Desde este punto de coincidencia comenzaron las tratativas para la formulaci\u00f3n de otro modelo basado en propuestas diferentes.<strong>\u00a0<\/strong><\/p>\n\n\n\n<p>\u00a0 <strong>El martes 2 de noviembre se realiz\u00f3 una nueva sesi\u00f3n extraordinaria en el Honorable Concejo Deliberante (HCD) de Moreno con el fin de convalidar la adjudicaci\u00f3n de mano de obra del servicio de recolecci\u00f3n de residuos, a la cooperativa Gestionar.\u00a0<\/strong><\/p>\n\n\n\n<div class=\"wp-block-image\"><figure class=\"alignright size-large is-resized\"><img loading=\"lazy\" decoding=\"async\" src=\"https:\/\/morenoprimero.com.ar\/wp-content\/uploads\/2020\/11\/WhatsApp-Image-2020-11-02-at-11.13.03-1-1024x576.jpeg\" alt=\"\" class=\"wp-image-4820\" width=\"334\" height=\"188\" srcset=\"https:\/\/morenoprimero.com.ar\/archivo\/wp-content\/uploads\/2020\/11\/WhatsApp-Image-2020-11-02-at-11.13.03-1-1024x576.jpeg 1024w, https:\/\/morenoprimero.com.ar\/archivo\/wp-content\/uploads\/2020\/11\/WhatsApp-Image-2020-11-02-at-11.13.03-1-300x169.jpeg 300w, https:\/\/morenoprimero.com.ar\/archivo\/wp-content\/uploads\/2020\/11\/WhatsApp-Image-2020-11-02-at-11.13.03-1-768x432.jpeg 768w, https:\/\/morenoprimero.com.ar\/archivo\/wp-content\/uploads\/2020\/11\/WhatsApp-Image-2020-11-02-at-11.13.03-1.jpeg 1280w\" sizes=\"auto, (max-width: 334px) 100vw, 334px\" \/><\/figure><\/div>\n\n\n\n<p>\u00a0 La tratativa es un paso m\u00e1s de los varios que se dieron en el a\u00f1o en relaci\u00f3n a la recolecci\u00f3n de residuos, tales como el proyecto GIRSU y la solicitud de cr\u00e9ditos leasing que permitieron la capitalizaci\u00f3n del municipio a partir de la compra de camiones, de los cuales ya lleg\u00f3 la primera flota.\u00a0<\/p>\n\n\n\n<p> \u00a0\u00a0<\/p>\n\n\n\n<p>\u00a0 En la sesi\u00f3n, la concejala <strong>Mar\u00eda Dolores\u00a0Fabregas<\/strong>\u00a0del bloque Ahora Juntos por el Cambio hizo uso de la palabra para expresar <strong>por qu\u00e9 no acompa\u00f1an la adjudicaci\u00f3n de mano de obra a la cooperativa Gestionar<\/strong>:\u00a0<\/p>\n\n\n\n<blockquote class=\"wp-block-quote is-layout-flow wp-block-quote-is-layout-flow\"><p>\u00a0Los trabajadores no son socios de la cooperativa y por lo tanto no participan de las ganancias, consideramos desde nuestro bloque que no se puede adjudicar a la cooperativa el contrato porque contraviene la ley org\u00e1nica y la ley nacional de cooperativas.\u00a0\u00a0<\/p><cite>Mar\u00eda F\u00e1bregas.<\/cite><\/blockquote>\n\n\n\n<figure class=\"wp-block-image size-large\"><img loading=\"lazy\" decoding=\"async\" width=\"1024\" height=\"683\" src=\"https:\/\/morenoprimero.com.ar\/wp-content\/uploads\/2020\/11\/119122946_3497529626966436_447887372557835213_o-1024x683.jpg\" alt=\"\" class=\"wp-image-4883\" srcset=\"https:\/\/morenoprimero.com.ar\/archivo\/wp-content\/uploads\/2020\/11\/119122946_3497529626966436_447887372557835213_o-1024x683.jpg 1024w, https:\/\/morenoprimero.com.ar\/archivo\/wp-content\/uploads\/2020\/11\/119122946_3497529626966436_447887372557835213_o-300x200.jpg 300w, https:\/\/morenoprimero.com.ar\/archivo\/wp-content\/uploads\/2020\/11\/119122946_3497529626966436_447887372557835213_o-768x512.jpg 768w, https:\/\/morenoprimero.com.ar\/archivo\/wp-content\/uploads\/2020\/11\/119122946_3497529626966436_447887372557835213_o-1536x1024.jpg 1536w, https:\/\/morenoprimero.com.ar\/archivo\/wp-content\/uploads\/2020\/11\/119122946_3497529626966436_447887372557835213_o.jpg 1944w\" sizes=\"auto, (max-width: 1024px) 100vw, 1024px\" \/><\/figure>\n\n\n\n<p>\u00a0 Por su parte,<strong> Lucas Franco<\/strong>, concejal del bloque Frente de Todos, resumi\u00f3 el proceso desarrollado a lo largo del a\u00f1o en base a lo que se considera la pol\u00edtica p\u00fablica m\u00e1s importante de la gesti\u00f3n actual y detall\u00f3 varios puntos que justifican la decisi\u00f3n de la adjudicaci\u00f3n a Gestionar.\u00a0\u00a0<\/p>\n\n\n\n<p>&nbsp; Uno de los puntos m\u00e1s llamativos e importantes que resalt\u00f3, donde el oficialismo puso \u00e9nfasis a lo largo del a\u00f1o fue en el ahorro que implica la nueva contrataci\u00f3n de mano de obra. As\u00ed, compar\u00f3 el valor de las dos ofertas recibidas, y a su vez, las comparo con el valor del contrato actual que finaliza el 9 de noviembre:&nbsp;&nbsp;&nbsp;<\/p>\n\n\n\n<blockquote class=\"wp-block-quote is-layout-flow wp-block-quote-is-layout-flow\"><p>\u00a0En relaci\u00f3n a lo establecido en el pliego de bases y condiciones, la primera oferta es un 31% m\u00e1s cara, la oferta que nos toca evaluar si corresponde la adjudicaci\u00f3n es un 9% m\u00e1s barata. Si nosotros pasamos a comparar este volumen del dinero con la actualidad del contrato, la cuadra estar\u00eda $386, mientras que el valor tipificado en la oferta electa es de $159.<\/p><cite>Lucas Franco.<\/cite><\/blockquote>\n\n\n\n<p>\u00a0 Al finalizar su oratoria, el concejal resalt\u00f3 que \u201cEs una buena noticia que estemos dando un paso hacia <strong>un servicio distinto que le permite al estado capitalizarse, adquirir bienes<\/strong>, que podamos poner en discusi\u00f3n y <strong>poner a prueba un programa distinto de tratamiento de los residuos<\/strong>, que el estado municipal se atreva a modificar la relaci\u00f3n con los residuos y haya hecho <strong>un a\u00f1o de debates en distintas instancias<\/strong>. Es tambi\u00e9n una buena noticia, y <strong>tenemos el deber, la obligaci\u00f3n y la responsabilidad de que ese servicio se preste de manera correcta y que se cumplan las condiciones que establecimos para que ese servicio se preste<\/strong>, y tambi\u00e9n que la relaci\u00f3n entre el Estado, los servicios p\u00fablicos y la comunidad empiece a ser una relaci\u00f3n que garantice dignidad en todo nuestro territorio.\u00bb\u00a0<\/p>\n\n\n\n<figure class=\"wp-block-image size-large is-resized\"><img loading=\"lazy\" decoding=\"async\" src=\"https:\/\/morenoprimero.com.ar\/wp-content\/uploads\/2020\/11\/122448459_3625564754162922_1392728990496851380_n.jpg\" alt=\"\" class=\"wp-image-4884\" width=\"491\" height=\"689\" srcset=\"https:\/\/morenoprimero.com.ar\/archivo\/wp-content\/uploads\/2020\/11\/122448459_3625564754162922_1392728990496851380_n.jpg 684w, https:\/\/morenoprimero.com.ar\/archivo\/wp-content\/uploads\/2020\/11\/122448459_3625564754162922_1392728990496851380_n-214x300.jpg 214w\" sizes=\"auto, (max-width: 491px) 100vw, 491px\" \/><\/figure>\n","protected":false},"excerpt":{"rendered":"<p>Se trata de la adjudicaci\u00f3n de mano de obra a la cooperativa Gestionar. Si bien la gesti\u00f3n de Mariel Fern\u00e1ndez tiene una mirada propia, integral, sobre el tratamiento de residuos, la coincidencia entre el oficialismo y la oposici\u00f3n se daba &hellip; <a href=\"https:\/\/morenoprimero.com.ar\/archivo\/el-hcd-trato-la-adjudicacion-de-mano-de-obra-del-servicio-de-recoleccion-de-residuos\/\">Sigue leyendo <span class=\"meta-nav\">&rarr;<\/span><\/a><\/p>\n","protected":false},"author":6,"featured_media":4736,"comment_status":"open","ping_status":"open","sticky":false,"template":"","format":"standard","meta":{"footnotes":""},"categories":[1],"tags":[1003,120,127,547,531],"class_list":["post-4878","post","type-post","status-publish","format-standard","has-post-thumbnail","hentry","category-sin-categoria","tag-cooperativa-gestionar","tag-hcd-moreno","tag-lucas-franco","tag-maria-fabregas","tag-nuevo-sistema-de-recoleccion-de-residuos"],"_links":{"self":[{"href":"https:\/\/morenoprimero.com.ar\/archivo\/wp-json\/wp\/v2\/posts\/4878","targetHints":{"allow":["GET"]}}],"collection":[{"href":"https:\/\/morenoprimero.com.ar\/archivo\/wp-json\/wp\/v2\/posts"}],"about":[{"href":"https:\/\/morenoprimero.com.ar\/archivo\/wp-json\/wp\/v2\/types\/post"}],"author":[{"embeddable":true,"href":"https:\/\/morenoprimero.com.ar\/archivo\/wp-json\/wp\/v2\/users\/6"}],"replies":[{"embeddable":true,"href":"https:\/\/morenoprimero.com.ar\/archivo\/wp-json\/wp\/v2\/comments?post=4878"}],"version-history":[{"count":3,"href":"https:\/\/morenoprimero.com.ar\/archivo\/wp-json\/wp\/v2\/posts\/4878\/revisions"}],"predecessor-version":[{"id":4885,"href":"https:\/\/morenoprimero.com.ar\/archivo\/wp-json\/wp\/v2\/posts\/4878\/revisions\/4885"}],"wp:featuredmedia":[{"embeddable":true,"href":"https:\/\/morenoprimero.com.ar\/archivo\/wp-json\/wp\/v2\/media\/4736"}],"wp:attachment":[{"href":"https:\/\/morenoprimero.com.ar\/archivo\/wp-json\/wp\/v2\/media?parent=4878"}],"wp:term":[{"taxonomy":"category","embeddable":true,"href":"https:\/\/morenoprimero.com.ar\/archivo\/wp-json\/wp\/v2\/categories?post=4878"},{"taxonomy":"post_tag","embeddable":true,"href":"https:\/\/morenoprimero.com.ar\/archivo\/wp-json\/wp\/v2\/tags?post=4878"}],"curies":[{"name":"wp","href":"https:\/\/api.w.org\/{rel}","templated":true}]}}