{"id":4876,"date":"2020-11-03T15:36:18","date_gmt":"2020-11-03T15:36:18","guid":{"rendered":"https:\/\/morenoprimero.com.ar\/?p=4876"},"modified":"2020-11-03T15:36:18","modified_gmt":"2020-11-03T15:36:18","slug":"caravana-verde-por-el-aborto-legal-seguro-y-gratuito-en-moreno","status":"publish","type":"post","link":"https:\/\/morenoprimero.com.ar\/archivo\/caravana-verde-por-el-aborto-legal-seguro-y-gratuito-en-moreno\/","title":{"rendered":"CARAVANA VERDE POR EL ABORTO LEGAL, SEGURO Y GRATUITO EN MORENO"},"content":{"rendered":"\n<h4 class=\"wp-block-heading\">El mi\u00e9rcoles 4 de noviembre a las 17 horas organizaciones feministas concentrar\u00e1n en frente del Hospital Mariano y Luciano de la Vega para exigir que se trate en el Congreso una ley que legalice el aborto para las personas gestantes. <\/h4>\n\n\n\n<figure class=\"wp-block-image size-large\"><img loading=\"lazy\" decoding=\"async\" width=\"900\" height=\"900\" src=\"https:\/\/morenoprimero.com.ar\/wp-content\/uploads\/2020\/11\/aborto-en-moreno.jpg\" alt=\"\" class=\"wp-image-4877\" srcset=\"https:\/\/morenoprimero.com.ar\/archivo\/wp-content\/uploads\/2020\/11\/aborto-en-moreno.jpg 900w, https:\/\/morenoprimero.com.ar\/archivo\/wp-content\/uploads\/2020\/11\/aborto-en-moreno-300x300.jpg 300w, https:\/\/morenoprimero.com.ar\/archivo\/wp-content\/uploads\/2020\/11\/aborto-en-moreno-150x150.jpg 150w, https:\/\/morenoprimero.com.ar\/archivo\/wp-content\/uploads\/2020\/11\/aborto-en-moreno-768x768.jpg 768w\" sizes=\"auto, (max-width: 900px) 100vw, 900px\" \/><\/figure>\n\n\n\n<p> La <strong>Red Feminista de Moreno<\/strong> junto a otras organizaciones feministas convoca para este <strong>mi\u00e9rcoles 4 de noviembre a las 17 horas <\/strong>una concentraci\u00f3n frente al <strong>Hospital Mariano y Luciano de la Vega<\/strong>.<\/p>\n\n\n\n<p>Se realizar\u00e1 en el marco del reclamo para que el Congreso trate la ley que garantice el aborto seguro, legal y gratuito para todas las personas gestantes en Argentina. <\/p>\n\n\n\n<p>La concentraci\u00f3n se har\u00e1 con los protocolos de prevenci\u00f3n ya anteriormente conocidos, y piden que se movilicen en bici, skate, patines, moto o auto, siempre respetando la distancia social. <\/p>\n\n\n\n<p><\/p>\n\n\n\n<p><\/p>\n","protected":false},"excerpt":{"rendered":"<p>El mi\u00e9rcoles 4 de noviembre a las 17 horas organizaciones feministas concentrar\u00e1n en frente del Hospital Mariano y Luciano de la Vega para exigir que se trate en el Congreso una ley que legalice el aborto para las personas gestantes. &hellip; <a href=\"https:\/\/morenoprimero.com.ar\/archivo\/caravana-verde-por-el-aborto-legal-seguro-y-gratuito-en-moreno\/\">Sigue leyendo <span class=\"meta-nav\">&rarr;<\/span><\/a><\/p>\n","protected":false},"author":6,"featured_media":4877,"comment_status":"open","ping_status":"open","sticky":false,"template":"","format":"standard","meta":{"footnotes":""},"categories":[27,536],"tags":[1017,1018],"class_list":["post-4876","post","type-post","status-publish","format-standard","has-post-thumbnail","hentry","category-politica","category-salud","tag-aborto-seguro-legal-y-gratuito","tag-red-feminista-moreno"],"_links":{"self":[{"href":"https:\/\/morenoprimero.com.ar\/archivo\/wp-json\/wp\/v2\/posts\/4876","targetHints":{"allow":["GET"]}}],"collection":[{"href":"https:\/\/morenoprimero.com.ar\/archivo\/wp-json\/wp\/v2\/posts"}],"about":[{"href":"https:\/\/morenoprimero.com.ar\/archivo\/wp-json\/wp\/v2\/types\/post"}],"author":[{"embeddable":true,"href":"https:\/\/morenoprimero.com.ar\/archivo\/wp-json\/wp\/v2\/users\/6"}],"replies":[{"embeddable":true,"href":"https:\/\/morenoprimero.com.ar\/archivo\/wp-json\/wp\/v2\/comments?post=4876"}],"version-history":[{"count":1,"href":"https:\/\/morenoprimero.com.ar\/archivo\/wp-json\/wp\/v2\/posts\/4876\/revisions"}],"predecessor-version":[{"id":4879,"href":"https:\/\/morenoprimero.com.ar\/archivo\/wp-json\/wp\/v2\/posts\/4876\/revisions\/4879"}],"wp:featuredmedia":[{"embeddable":true,"href":"https:\/\/morenoprimero.com.ar\/archivo\/wp-json\/wp\/v2\/media\/4877"}],"wp:attachment":[{"href":"https:\/\/morenoprimero.com.ar\/archivo\/wp-json\/wp\/v2\/media?parent=4876"}],"wp:term":[{"taxonomy":"category","embeddable":true,"href":"https:\/\/morenoprimero.com.ar\/archivo\/wp-json\/wp\/v2\/categories?post=4876"},{"taxonomy":"post_tag","embeddable":true,"href":"https:\/\/morenoprimero.com.ar\/archivo\/wp-json\/wp\/v2\/tags?post=4876"}],"curies":[{"name":"wp","href":"https:\/\/api.w.org\/{rel}","templated":true}]}}