{"id":487,"date":"2020-07-20T19:17:16","date_gmt":"2020-07-20T19:17:16","guid":{"rendered":"https:\/\/morenoprimero.com.ar\/?p=487"},"modified":"2020-11-25T11:27:34","modified_gmt":"2020-11-25T11:27:34","slug":"se-viene-la-jornada-solidaria-mas-grande-de-trujui","status":"publish","type":"post","link":"https:\/\/morenoprimero.com.ar\/archivo\/se-viene-la-jornada-solidaria-mas-grande-de-trujui\/","title":{"rendered":"SE VIENE LA JORNADA SOLIDARIA M\u00c1S GRANDE DE TRUJUI"},"content":{"rendered":"\n<p><strong>La Sociedad de Fomento Julio A. Roca a trav\u00e9s del Departamento \u201cRoca Solidario\u201d invita a la jornada a beneficio que se realizar\u00e1 el pr\u00f3ximo 8 de agosto, desde las 10 horas, donde recibir\u00e1n donaciones (alimentos no perecederos, ropa, calzado, colchones) para colaborar con distintos comedores y merenderos de la localidad de Trujui, en el marco de la emergencia sanitaria.<\/strong><\/p>\n\n\n\n<p>El presidente de la Sociedad de Fomento, Javier Mendoza, se refiri\u00f3 al trabajo que desarrollan en Cuarentena y coment\u00f3 que \u201cSi bien estamos con las puertas cerradas, hemos realizado durante este tiempo operativos oftalmol\u00f3gicos y de vacunaci\u00f3n. Tambi\u00e9n El programa El Mercado en Tu Barrio que cuando llega a la zona abrimos y ponemos el espacio a disposici\u00f3n. Una vez por semana llevamos adelante la olla popular. <\/p>\n\n\n\n<p>Por \u00faltimo, Javier se\u00f1al\u00f3 que \u201cNosotros como instituci\u00f3n vamos a ser una de las \u00faltimas en abrir, en que nos habiliten las actividades deportivas pero <strong>ayudamos a la comunidad a trav\u00e9s de los programas y las ollas populares que beneficien a las familias<\/strong>\u201d.<\/p>\n\n\n\n<figure class=\"wp-block-gallery columns-1 is-cropped wp-block-gallery-1 is-layout-flex wp-block-gallery-is-layout-flex\"><ul class=\"blocks-gallery-grid\"><li class=\"blocks-gallery-item\"><figure><img loading=\"lazy\" decoding=\"async\" width=\"1024\" height=\"1024\" src=\"https:\/\/morenoprimero.com.ar\/wp-content\/uploads\/2020\/07\/WhatsApp-Image-2020-07-20-at-15.30.32-1024x1024.jpeg\" alt=\"\" data-id=\"490\" data-full-url=\"https:\/\/morenoprimero.com.ar\/wp-content\/uploads\/2020\/07\/WhatsApp-Image-2020-07-20-at-15.30.32.jpeg\" data-link=\"https:\/\/morenoprimero.com.ar\/?attachment_id=490\" class=\"wp-image-490\" srcset=\"https:\/\/morenoprimero.com.ar\/archivo\/wp-content\/uploads\/2020\/07\/WhatsApp-Image-2020-07-20-at-15.30.32-1024x1024.jpeg 1024w, https:\/\/morenoprimero.com.ar\/archivo\/wp-content\/uploads\/2020\/07\/WhatsApp-Image-2020-07-20-at-15.30.32-300x300.jpeg 300w, https:\/\/morenoprimero.com.ar\/archivo\/wp-content\/uploads\/2020\/07\/WhatsApp-Image-2020-07-20-at-15.30.32-150x150.jpeg 150w, https:\/\/morenoprimero.com.ar\/archivo\/wp-content\/uploads\/2020\/07\/WhatsApp-Image-2020-07-20-at-15.30.32-768x768.jpeg 768w, https:\/\/morenoprimero.com.ar\/archivo\/wp-content\/uploads\/2020\/07\/WhatsApp-Image-2020-07-20-at-15.30.32.jpeg 1280w\" sizes=\"auto, (max-width: 1024px) 100vw, 1024px\" \/><\/figure><\/li><\/ul><\/figure>\n\n\n\n<p>Durante el evento solidario que tendr\u00e1 lugar hasta las 19 habr\u00e1 clases virtuales de las distintas disciplinas deportivas que impulsa la Sociedad de Fomento.<\/p>\n\n\n\n<p>Para m\u00e1s informaci\u00f3n podes visitar las redes sociales: <a href=\"https:\/\/www.instagram.com\/sdf.jaroca\/?hl=es-la\">https:\/\/www.instagram.com\/sdf.jaroca\/?hl=es-la<\/a><\/p>\n","protected":false},"excerpt":{"rendered":"<p>La Sociedad de Fomento Julio A. Roca a trav\u00e9s del Departamento \u201cRoca Solidario\u201d invita a la jornada a beneficio que se realizar\u00e1 el pr\u00f3ximo 8 de agosto, desde las 10 horas, donde recibir\u00e1n donaciones (alimentos no perecederos, ropa, calzado, colchones) &hellip; <a href=\"https:\/\/morenoprimero.com.ar\/archivo\/se-viene-la-jornada-solidaria-mas-grande-de-trujui\/\">Sigue leyendo <span class=\"meta-nav\">&rarr;<\/span><\/a><\/p>\n","protected":false},"author":6,"featured_media":488,"comment_status":"open","ping_status":"open","sticky":false,"template":"","format":"standard","meta":{"footnotes":""},"categories":[21,20],"tags":[213,188],"class_list":["post-487","post","type-post","status-publish","format-standard","has-post-thumbnail","hentry","category-interes-general","category-sociedad","tag-comunidad","tag-solidaridad-2"],"_links":{"self":[{"href":"https:\/\/morenoprimero.com.ar\/archivo\/wp-json\/wp\/v2\/posts\/487","targetHints":{"allow":["GET"]}}],"collection":[{"href":"https:\/\/morenoprimero.com.ar\/archivo\/wp-json\/wp\/v2\/posts"}],"about":[{"href":"https:\/\/morenoprimero.com.ar\/archivo\/wp-json\/wp\/v2\/types\/post"}],"author":[{"embeddable":true,"href":"https:\/\/morenoprimero.com.ar\/archivo\/wp-json\/wp\/v2\/users\/6"}],"replies":[{"embeddable":true,"href":"https:\/\/morenoprimero.com.ar\/archivo\/wp-json\/wp\/v2\/comments?post=487"}],"version-history":[{"count":4,"href":"https:\/\/morenoprimero.com.ar\/archivo\/wp-json\/wp\/v2\/posts\/487\/revisions"}],"predecessor-version":[{"id":496,"href":"https:\/\/morenoprimero.com.ar\/archivo\/wp-json\/wp\/v2\/posts\/487\/revisions\/496"}],"wp:featuredmedia":[{"embeddable":true,"href":"https:\/\/morenoprimero.com.ar\/archivo\/wp-json\/wp\/v2\/media\/488"}],"wp:attachment":[{"href":"https:\/\/morenoprimero.com.ar\/archivo\/wp-json\/wp\/v2\/media?parent=487"}],"wp:term":[{"taxonomy":"category","embeddable":true,"href":"https:\/\/morenoprimero.com.ar\/archivo\/wp-json\/wp\/v2\/categories?post=487"},{"taxonomy":"post_tag","embeddable":true,"href":"https:\/\/morenoprimero.com.ar\/archivo\/wp-json\/wp\/v2\/tags?post=487"}],"curies":[{"name":"wp","href":"https:\/\/api.w.org\/{rel}","templated":true}]}}