{"id":4863,"date":"2020-11-03T15:43:45","date_gmt":"2020-11-03T15:43:45","guid":{"rendered":"https:\/\/morenoprimero.com.ar\/?p=4863"},"modified":"2020-11-03T15:43:45","modified_gmt":"2020-11-03T15:43:45","slug":"fernanda-raverta-las-familias-endeudadas-con-creditos-anses-habran-gozado-de-casi-un-ano-de-financiamiento-a-tasa-cero","status":"publish","type":"post","link":"https:\/\/morenoprimero.com.ar\/archivo\/fernanda-raverta-las-familias-endeudadas-con-creditos-anses-habran-gozado-de-casi-un-ano-de-financiamiento-a-tasa-cero\/","title":{"rendered":"FERNANDA RAVERTA: \u201cLAS FAMILIAS ENDEUDADAS CON CR\u00c9DITOS ANSES HABR\u00c1N GOZADO DE CASI UN A\u00d1O DE FINANCIAMIENTO A TASA CERO\u201d"},"content":{"rendered":"\n<h4 class=\"wp-block-heading\">La directora de Anses, se refiri\u00f3 a la aprobaci\u00f3n de la&nbsp;<strong>Ley de Defensa de los Activos&nbsp;del Fondo de Garant\u00eda de Sustentabilidad (FGS)<\/strong> en el marco de la entrega de los cr\u00e9ditos Procrear en San Mart\u00edn, Buenos Aires. <\/h4>\n\n\n\n<figure class=\"wp-block-image size-large\"><img loading=\"lazy\" decoding=\"async\" width=\"1024\" height=\"683\" src=\"https:\/\/morenoprimero.com.ar\/wp-content\/uploads\/2020\/11\/Fernanda-Raverta-1024x683.jpg\" alt=\"\" class=\"wp-image-4864\" srcset=\"https:\/\/morenoprimero.com.ar\/archivo\/wp-content\/uploads\/2020\/11\/Fernanda-Raverta-1024x683.jpg 1024w, https:\/\/morenoprimero.com.ar\/archivo\/wp-content\/uploads\/2020\/11\/Fernanda-Raverta-300x200.jpg 300w, https:\/\/morenoprimero.com.ar\/archivo\/wp-content\/uploads\/2020\/11\/Fernanda-Raverta-768x512.jpg 768w, https:\/\/morenoprimero.com.ar\/archivo\/wp-content\/uploads\/2020\/11\/Fernanda-Raverta-1536x1024.jpg 1536w, https:\/\/morenoprimero.com.ar\/archivo\/wp-content\/uploads\/2020\/11\/Fernanda-Raverta-2048x1365.jpg 2048w\" sizes=\"auto, (max-width: 1024px) 100vw, 1024px\" \/><\/figure>\n\n\n\n<p>La directora ejecutiva de la ANSES,&nbsp;<strong>Fernanda Raverta<\/strong>, se refiri\u00f3 a la aprobaci\u00f3n de la&nbsp;<strong>Ley de Defensa de los Activos&nbsp;del Fondo de Garant\u00eda de Sustentabilidad (FGS)<\/strong>: \u201c<em>La Ley plantea soluciones para una serie de problemas que afectaban el normal funcionamiento del Fondo, con el objetivo principal de restablecer su capacidad de financiar programas vinculados al fomento de la inversi\u00f3n y el consumo. En relaci\u00f3n con los&nbsp;<strong>Cr\u00e9ditos ANSES<\/strong>, la ley autoriza que se condonen los intereses acumulados desde la suspensi\u00f3n de las cuotas y adem\u00e1s la ANSES dispondr\u00e1&nbsp;de una baja de tasas adicional a la instrumentada en diciembre de 2019. As\u00ed,&nbsp;<strong>las familias endeudadas bajo el programa de Cr\u00e9ditos ANSES habr\u00e1n gozado de casi un a\u00f1o de financiamiento a tasa cero en conjunto con una reducci\u00f3n en las cuotas a pagar<\/strong><\/em>\u201d.<\/p>\n\n\n\n<p><em>\u201cEl Fondo le&nbsp;pertenece a los 7 millones de jubiladas y jubilados.&nbsp;<strong>Esta Ley es una herramienta para defender sus activos, porque logramos mantener esa garant\u00eda para las generaciones futuras, para los jubilados del ma\u00f1ana<\/strong>\u201d,&nbsp;<\/em>agreg\u00f3&nbsp;<strong>Raverta<\/strong><em>.&nbsp;<\/em>Estas declaraciones fueron realizadas en el marco de la entrega de viviendas del&nbsp;<em>Procrear<\/em>&nbsp;en San Mart\u00edn, provincia de Buenos Aires.<\/p>\n\n\n\n<p>Con respecto a la Asignaci\u00f3n Universal por Hijo (AUH) <strong>Raverta<\/strong>&nbsp;plante\u00f3 <strong>que ya se identificaron a m\u00e1s de 700 mil ni\u00f1as, ni\u00f1os y adolescentes que no la estaban recibiendo<\/strong>. Adem\u00e1s remarc\u00f3 que<em>&nbsp;\u201cel Presidente de la Naci\u00f3n firm\u00f3 un decreto para poder ir a buscar a m\u00e1s de 1 mill\u00f3n de chicas y chicos que no tienen Asignaci\u00f3n Universal, ni Salario Familiar por distintas cuestiones. En este contexto tan complejo que le toca vivir a las argentinas y los argentinos&nbsp;<strong>somos un gobierno que no niega la realidad y que va en busca de mejorar la calidad de vida<\/strong><\/em>\u201d.<\/p>\n\n\n\n<p>\u201c<strong><em>Queremos estar cerca y que cada ciudadano tenga el derecho que le corresponde<\/em><\/strong><em>. De este mill\u00f3n de ni\u00f1os, 723 mil ya los tenemos localizados y en poco tiempo, en pocos d\u00edas, van a tener su Asignaci\u00f3n Universal y&nbsp;<strong>vamos a hacer de la Argentina un lugar m\u00e1s justo<\/strong>\u201d,<\/em>&nbsp;finaliz\u00f3 la directora ejecutiva de la ANSES.<\/p>\n\n\n\n<p>Fuente: Anses Prensa.<\/p>\n","protected":false},"excerpt":{"rendered":"<p>La directora de Anses, se refiri\u00f3 a la aprobaci\u00f3n de la&nbsp;Ley de Defensa de los Activos&nbsp;del Fondo de Garant\u00eda de Sustentabilidad (FGS) en el marco de la entrega de los cr\u00e9ditos Procrear en San Mart\u00edn, Buenos Aires. La directora ejecutiva &hellip; <a href=\"https:\/\/morenoprimero.com.ar\/archivo\/fernanda-raverta-las-familias-endeudadas-con-creditos-anses-habran-gozado-de-casi-un-ano-de-financiamiento-a-tasa-cero\/\">Sigue leyendo <span class=\"meta-nav\">&rarr;<\/span><\/a><\/p>\n","protected":false},"author":6,"featured_media":4864,"comment_status":"open","ping_status":"open","sticky":false,"template":"","format":"standard","meta":{"footnotes":""},"categories":[926,20],"tags":[36,958],"class_list":["post-4863","post","type-post","status-publish","format-standard","has-post-thumbnail","hentry","category-economia","category-sociedad","tag-anses","tag-fernanda-raverta"],"_links":{"self":[{"href":"https:\/\/morenoprimero.com.ar\/archivo\/wp-json\/wp\/v2\/posts\/4863","targetHints":{"allow":["GET"]}}],"collection":[{"href":"https:\/\/morenoprimero.com.ar\/archivo\/wp-json\/wp\/v2\/posts"}],"about":[{"href":"https:\/\/morenoprimero.com.ar\/archivo\/wp-json\/wp\/v2\/types\/post"}],"author":[{"embeddable":true,"href":"https:\/\/morenoprimero.com.ar\/archivo\/wp-json\/wp\/v2\/users\/6"}],"replies":[{"embeddable":true,"href":"https:\/\/morenoprimero.com.ar\/archivo\/wp-json\/wp\/v2\/comments?post=4863"}],"version-history":[{"count":3,"href":"https:\/\/morenoprimero.com.ar\/archivo\/wp-json\/wp\/v2\/posts\/4863\/revisions"}],"predecessor-version":[{"id":4901,"href":"https:\/\/morenoprimero.com.ar\/archivo\/wp-json\/wp\/v2\/posts\/4863\/revisions\/4901"}],"wp:featuredmedia":[{"embeddable":true,"href":"https:\/\/morenoprimero.com.ar\/archivo\/wp-json\/wp\/v2\/media\/4864"}],"wp:attachment":[{"href":"https:\/\/morenoprimero.com.ar\/archivo\/wp-json\/wp\/v2\/media?parent=4863"}],"wp:term":[{"taxonomy":"category","embeddable":true,"href":"https:\/\/morenoprimero.com.ar\/archivo\/wp-json\/wp\/v2\/categories?post=4863"},{"taxonomy":"post_tag","embeddable":true,"href":"https:\/\/morenoprimero.com.ar\/archivo\/wp-json\/wp\/v2\/tags?post=4863"}],"curies":[{"name":"wp","href":"https:\/\/api.w.org\/{rel}","templated":true}]}}